{"id":50437,"date":"2013-07-15T11:02:14","date_gmt":"2013-07-15T14:02:14","guid":{"rendered":"http:\/\/senoticias.com.br\/se\/?p=50437"},"modified":"2013-07-16T14:24:21","modified_gmt":"2013-07-16T17:24:21","slug":"policia-federal-apreende-14-k-de-cocaina-em-simao-dias","status":"publish","type":"post","link":"https:\/\/senoticias.com.br\/se\/policia-federal-apreende-14-k-de-cocaina-em-simao-dias\/","title":{"rendered":"Pol\u00edcia Federal apreende 14 Kg de coca\u00edna em Sim\u00e3o Dias"},"content":{"rendered":"<div id=\"attachment_50438\" style=\"width: 238px\" class=\"wp-caption alignright\"><a href=\"http:\/\/senoticias.com.br\/se\/wp-content\/uploads\/2013\/07\/SAM_0995.jpg\"><img loading=\"lazy\" decoding=\"async\" aria-describedby=\"caption-attachment-50438\" class=\"size-medium wp-image-50438\" alt=\" Policiais federais apreenderam 14 kg de coca\u00edna durante fiscaliza\u00e7\u00e3o de rotina realizada no Munic\u00edpio de Sim\u00e3o Dias\/SE. (Divulga\u00e7\u00e3o PF\/SE)\" src=\"http:\/\/senoticias.com.br\/se\/wp-content\/uploads\/2013\/07\/SAM_0995-228x300.jpg\" width=\"228\" height=\"300\" srcset=\"https:\/\/senoticias.com.br\/se\/wp-content\/uploads\/2013\/07\/SAM_0995-228x300.jpg 228w, https:\/\/senoticias.com.br\/se\/wp-content\/uploads\/2013\/07\/SAM_0995-342x449.jpg 342w, https:\/\/senoticias.com.br\/se\/wp-content\/uploads\/2013\/07\/SAM_0995-300x394.jpg 300w, https:\/\/senoticias.com.br\/se\/wp-content\/uploads\/2013\/07\/SAM_0995.jpg 548w\" sizes=\"(max-width: 228px) 100vw, 228px\" \/><\/a><p id=\"caption-attachment-50438\" class=\"wp-caption-text\"><br \/>Policiais federais apreenderam 14 kg de coca\u00edna durante fiscaliza\u00e7\u00e3o de rotina realizada no Munic\u00edpio de Sim\u00e3o Dias\/SE. (Divulga\u00e7\u00e3o PF\/SE)<\/p><\/div>\n<p style=\"text-align: justify;\">Na manh\u00e3 da \u00faltima quinta-feira, 11 de julho, policiais federais apreenderam 14 kg de coca\u00edna durante fiscaliza\u00e7\u00e3o de rotina realizada no Munic\u00edpio de Sim\u00e3o Dias\/SE. A opera\u00e7\u00e3o resultou na pris\u00e3o de JOSIANE DA SILVA XAVIER, 25 anos, natural de Jacarezinho\/PR, respons\u00e1vel pelo transporte do entorpecente.<\/p>\n<p style=\"text-align: justify;\">JOSIANE recebeu voz de pris\u00e3o durante fiscaliza\u00e7\u00e3o de rotina realizada em \u00f4nibus e autom\u00f3veis em busca de drogas, armas e foragidos. No momento da revista os policiais federais encontraram a droga em duas malas, as quais ela transportava.<\/p>\n<p style=\"text-align: justify;\">Durante o interrogat\u00f3rio, a presa confirmou que recebeu a droga na cidade de S\u00e3o Paulo, s\u00f3 n\u00e3o revelou o local de destino do entorpecente apreendido. As investiga\u00e7\u00f5es prosseguir\u00e3o a fim de esclarecer tais quest\u00f5es.<\/p>\n<p style=\"text-align: justify;\">A presa foi indiciada pelo crime de tr\u00e1fico interestadual de entorpecentes, nos termos dos artigos 33 e 40, III e V da Lei 11.343\/2006, com penas previstas de at\u00e9 25 anos de pris\u00e3o, permanecendo em estabelecimento prisional \u00e0 disposi\u00e7\u00e3o do ju\u00edzo da Comarca de Sim\u00e3o Dias\/SE.<\/p>\n<p><strong>Comunica\u00e7\u00e3o Social \u2013 SR\/SE<\/strong><\/p>\n","protected":false},"excerpt":{"rendered":"<p>Na manh\u00e3 da \u00faltima quinta-feira, 11 de julho, policiais federais apreenderam 14 kg de coca\u00edna durante fiscaliza\u00e7\u00e3o de rotina realizada no Munic\u00edpio de Sim\u00e3o Dias\/SE. A opera\u00e7\u00e3o resultou na pris\u00e3o de JOSIANE DA SILVA XAVIER, 25 anos, natural de Jacarezinho\/PR, respons\u00e1vel pelo transporte do entorpecente. JOSIANE recebeu voz de pris\u00e3o durante fiscaliza\u00e7\u00e3o de rotina realizada [&hellip;]<\/p>\n","protected":false},"author":3,"featured_media":50438,"comment_status":"closed","ping_status":"closed","sticky":false,"template":"","format":"standard","meta":{"footnotes":""},"categories":[7],"tags":[],"class_list":{"0":"post-50437","1":"post","2":"type-post","3":"status-publish","4":"format-standard","5":"has-post-thumbnail","7":"category-policia"},"_links":{"self":[{"href":"https:\/\/senoticias.com.br\/se\/wp-json\/wp\/v2\/posts\/50437"}],"collection":[{"href":"https:\/\/senoticias.com.br\/se\/wp-json\/wp\/v2\/posts"}],"about":[{"href":"https:\/\/senoticias.com.br\/se\/wp-json\/wp\/v2\/types\/post"}],"author":[{"embeddable":true,"href":"https:\/\/senoticias.com.br\/se\/wp-json\/wp\/v2\/users\/3"}],"replies":[{"embeddable":true,"href":"https:\/\/senoticias.com.br\/se\/wp-json\/wp\/v2\/comments?post=50437"}],"version-history":[{"count":0,"href":"https:\/\/senoticias.com.br\/se\/wp-json\/wp\/v2\/posts\/50437\/revisions"}],"wp:featuredmedia":[{"embeddable":true,"href":"https:\/\/senoticias.com.br\/se\/wp-json\/wp\/v2\/media\/50438"}],"wp:attachment":[{"href":"https:\/\/senoticias.com.br\/se\/wp-json\/wp\/v2\/media?parent=50437"}],"wp:term":[{"taxonomy":"category","embeddable":true,"href":"https:\/\/senoticias.com.br\/se\/wp-json\/wp\/v2\/categories?post=50437"},{"taxonomy":"post_tag","embeddable":true,"href":"https:\/\/senoticias.com.br\/se\/wp-json\/wp\/v2\/tags?post=50437"}],"curies":[{"name":"wp","href":"https:\/\/api.w.org\/{rel}","templated":true}]}}