{"id":50432,"date":"2013-07-15T07:40:08","date_gmt":"2013-07-15T10:40:08","guid":{"rendered":"http:\/\/senoticias.com.br\/se\/?p=50432"},"modified":"2013-07-15T18:33:15","modified_gmt":"2013-07-15T21:33:15","slug":"policial-militar-sergipano-e-preso-em-alagoas","status":"publish","type":"post","link":"https:\/\/senoticias.com.br\/se\/policial-militar-sergipano-e-preso-em-alagoas\/","title":{"rendered":"Policial militar sergipano \u00e9 preso em Alagoas"},"content":{"rendered":"<p><em><strong>Da\u00a0<a href=\"http:\/\/gazetaweb.globo.com\/noticia.php?c=345059&amp;e=14\" target=\"_blank\">Gazetaweb<\/a><\/strong><\/em><\/p>\n<p style=\"text-align: justify;\">O Delegado Regional de Batalha, R\u00f4mulo Monteiro, divulgou na tarde deste s\u00e1bado (13), a pris\u00e3o em flagrante do policial militar de Sergipe, Gean Carlos dos Santos, 44 anos, acusado de efetuar disparo de arma de fogo dentro de uma pousada em P\u00e3o de A\u00e7\u00facar, Sert\u00e3o alagoano.<\/p>\n<div id=\"attachment_39407\" style=\"width: 270px\" class=\"wp-caption alignright\"><a href=\"http:\/\/senoticias.com.br\/se\/wp-content\/uploads\/2012\/09\/Algemas-I.jpg\"><img loading=\"lazy\" decoding=\"async\" aria-describedby=\"caption-attachment-39407\" class=\"size-full wp-image-39407\" alt=\"Foto meramente ilustrativa.\" src=\"http:\/\/senoticias.com.br\/se\/wp-content\/uploads\/2012\/09\/Algemas-I.jpg\" width=\"260\" height=\"194\" srcset=\"https:\/\/senoticias.com.br\/se\/wp-content\/uploads\/2012\/09\/Algemas-I.jpg 260w, https:\/\/senoticias.com.br\/se\/wp-content\/uploads\/2012\/09\/Algemas-I-60x45.jpg 60w, https:\/\/senoticias.com.br\/se\/wp-content\/uploads\/2012\/09\/Algemas-I-150x113.jpg 150w\" sizes=\"(max-width: 260px) 100vw, 260px\" \/><\/a><p id=\"caption-attachment-39407\" class=\"wp-caption-text\">Foto meramente ilustrativa.<\/p><\/div>\n<p style=\"text-align: justify;\">De acordo com o depoimento do propriet\u00e1rio da pousada, o policial militar teria o amea\u00e7ado com o rev\u00f3lver e ainda quebrado a porta do banheiro e um televisor.<\/p>\n<p style=\"text-align: justify;\">Segundo o delegado, Gean Carlos, j\u00e1 foi processado em procedimento militar, \u00e9 natural de P\u00e3o de A\u00e7\u00facar e lotado na 5\u00aa CIA, do 1\u00b0 BPM, bairro Santa Maria, em Aracaju, em Sergipe.<\/p>\n<p style=\"text-align: justify;\">Ele recebeu voz de pris\u00e3o do Comandante da Guarni\u00e7\u00e3o Militar de Alagoas, sua arma de fogo recolhida e foi levado \u00e0 3\u00aa DRP, acompanhado de sua advogada.<\/p>\n","protected":false},"excerpt":{"rendered":"<p>Da\u00a0Gazetaweb O Delegado Regional de Batalha, R\u00f4mulo Monteiro, divulgou na tarde deste s\u00e1bado (13), a pris\u00e3o em flagrante do policial militar de Sergipe, Gean Carlos dos Santos, 44 anos, acusado de efetuar disparo de arma de fogo dentro de uma pousada em P\u00e3o de A\u00e7\u00facar, Sert\u00e3o alagoano. De acordo com o depoimento do propriet\u00e1rio da [&hellip;]<\/p>\n","protected":false},"author":1,"featured_media":39407,"comment_status":"closed","ping_status":"closed","sticky":false,"template":"","format":"standard","meta":{"footnotes":""},"categories":[7,1],"tags":[],"class_list":{"0":"post-50432","1":"post","2":"type-post","3":"status-publish","4":"format-standard","5":"has-post-thumbnail","7":"category-policia","8":"category-sem-categoria"},"_links":{"self":[{"href":"https:\/\/senoticias.com.br\/se\/wp-json\/wp\/v2\/posts\/50432"}],"collection":[{"href":"https:\/\/senoticias.com.br\/se\/wp-json\/wp\/v2\/posts"}],"about":[{"href":"https:\/\/senoticias.com.br\/se\/wp-json\/wp\/v2\/types\/post"}],"author":[{"embeddable":true,"href":"https:\/\/senoticias.com.br\/se\/wp-json\/wp\/v2\/users\/1"}],"replies":[{"embeddable":true,"href":"https:\/\/senoticias.com.br\/se\/wp-json\/wp\/v2\/comments?post=50432"}],"version-history":[{"count":0,"href":"https:\/\/senoticias.com.br\/se\/wp-json\/wp\/v2\/posts\/50432\/revisions"}],"wp:featuredmedia":[{"embeddable":true,"href":"https:\/\/senoticias.com.br\/se\/wp-json\/wp\/v2\/media\/39407"}],"wp:attachment":[{"href":"https:\/\/senoticias.com.br\/se\/wp-json\/wp\/v2\/media?parent=50432"}],"wp:term":[{"taxonomy":"category","embeddable":true,"href":"https:\/\/senoticias.com.br\/se\/wp-json\/wp\/v2\/categories?post=50432"},{"taxonomy":"post_tag","embeddable":true,"href":"https:\/\/senoticias.com.br\/se\/wp-json\/wp\/v2\/tags?post=50432"}],"curies":[{"name":"wp","href":"https:\/\/api.w.org\/{rel}","templated":true}]}}