{"id":50430,"date":"2013-07-15T07:00:23","date_gmt":"2013-07-15T10:00:23","guid":{"rendered":"http:\/\/senoticias.com.br\/se\/?p=50430"},"modified":"2013-07-16T19:21:24","modified_gmt":"2013-07-16T22:21:24","slug":"empresas-vao-recorrer-de-decisao-que-baixou-tarifa-de-onibus-para-r-225","status":"publish","type":"post","link":"https:\/\/senoticias.com.br\/se\/empresas-vao-recorrer-de-decisao-que-baixou-tarifa-de-onibus-para-r-225\/","title":{"rendered":"Empresas v\u00e3o recorrer de decis\u00e3o que baixou tarifa de \u00f4nibus para R$ 2,25"},"content":{"rendered":"<h5><em><span style=\"color: #333333;\"><strong>Por Valter Lima, do Brasil 247<\/strong><\/span><\/em><\/h5>\n<div id=\"attachment_25798\" style=\"width: 310px\" class=\"wp-caption alignright\"><a href=\"http:\/\/senoticias.com.br\/se\/wp-content\/uploads\/2012\/02\/grande-adierson-monteiro-210709.jpg\"><img loading=\"lazy\" decoding=\"async\" aria-describedby=\"caption-attachment-25798\" class=\"size-medium wp-image-25798\" alt=\"O presidente do Sindicato das Empresas de Transporte e Tr\u00e2nsito (Setransp) Adierson Monteiro. (Foto: Reprodu\u00e7\u00e3o)\" src=\"http:\/\/senoticias.com.br\/se\/wp-content\/uploads\/2012\/02\/grande-adierson-monteiro-210709-300x225.jpg\" width=\"300\" height=\"225\" srcset=\"https:\/\/senoticias.com.br\/se\/wp-content\/uploads\/2012\/02\/grande-adierson-monteiro-210709-300x225.jpg 300w, https:\/\/senoticias.com.br\/se\/wp-content\/uploads\/2012\/02\/grande-adierson-monteiro-210709-342x256.jpg 342w, https:\/\/senoticias.com.br\/se\/wp-content\/uploads\/2012\/02\/grande-adierson-monteiro-210709-60x45.jpg 60w, https:\/\/senoticias.com.br\/se\/wp-content\/uploads\/2012\/02\/grande-adierson-monteiro-210709-150x113.jpg 150w, https:\/\/senoticias.com.br\/se\/wp-content\/uploads\/2012\/02\/grande-adierson-monteiro-210709-269x201.jpg 269w, https:\/\/senoticias.com.br\/se\/wp-content\/uploads\/2012\/02\/grande-adierson-monteiro-210709.jpg 700w\" sizes=\"(max-width: 300px) 100vw, 300px\" \/><\/a><p id=\"caption-attachment-25798\" class=\"wp-caption-text\">O presidente do Sindicato das Empresas de Transporte e Tr\u00e2nsito (Setransp) Adierson Monteiro. (Foto: Reprodu\u00e7\u00e3o)<\/p><\/div>\n<p style=\"text-align: justify;\"><strong>Gabriel Dam\u00e1sio, do Jornal do Dia &#8211;<\/strong> As empresas de \u00f4nibus de Aracaju v\u00e3o recorrer da decis\u00e3o judicial que determinou a redu\u00e7\u00e3o da tarifa de transporte coletivo da capital para R$ 2,25. A informa\u00e7\u00e3o \u00e9 confirmada pelo presidente do Sindicato das Empresas de Transportes de Passageiros de Aracaju (Setransp), Adierson Monteiro, que aguarda a notifica\u00e7\u00e3o oficial da Justi\u00e7a e da Superintend\u00eancia Municipal de Transportes e Tr\u00e2nsito (SMTT) sobre o novo valor da passagem. O recurso do Setransp deve ser protocolado nesta semana no Tribunal de Justi\u00e7a de Sergipe (TJSE).<\/p>\n<p style=\"text-align: justify;\">&#8220;Decis\u00e3o de justi\u00e7a se cumpre, mas se apela. Assim que chegar essa intima\u00e7\u00e3o, o Setransp vai sim buscar o direito das empresas, porque n\u00f3s prestamos um servi\u00e7o p\u00fablico. Para cumprir esse servi\u00e7o p\u00fablico, precisamos receber, e a fonte de custeio do transporte \u00e9 a tarifa. Se n\u00f3s n\u00e3o temos uma tarifa de \u00f4nibus justa para cobrir os custos, a tend\u00eancia do setor \u00e9 entrar em colapso, como j\u00e1 tem acontecido nos \u00faltimos anos&#8221;, disse Adierson.<\/p>\n<p style=\"text-align: justify;\">Na ter\u00e7a-feira passada, uma liminar concedida pela ju\u00edza Simone de Oliveira Fraga, da 3\u00aa Vara C\u00edvel de Aracaju, suspendeu as leis municipais deste ano que alteraram as tarifas do transporte. Em abril, a C\u00e2mara Municipal de Aracaju (CMA) aprovou um projeto da Prefeitura (PMA) aumentando esse valor para R$ 2,45, mas houve um recuo no m\u00eas passado, com a onda de manifesta\u00e7\u00f5es p\u00fablicas, e a passagem caiu em R$ 0,10.<\/p>\n<p style=\"text-align: justify;\">O Movimento N\u00e3o Pago, liderado por estudantes, entrou na justi\u00e7a pedindo a revoga\u00e7\u00e3o do aumento, apontando fraudes nas planilhas de custo entregues pelo Setransp \u00e0 SMTT. &#8220;Vamos mostrar tecnicamente ao Poder Judici\u00e1rio que os nossos c\u00e1lculos foram feitos dentro de uma lei municipal que fixa as regras para definir os valores. Nos baseamos em dados t\u00e9cnicos e matem\u00e1ticos. N\u00e3o seguimos crit\u00e9rios politiqueiros&#8221;, criticou Adierson.<\/p>\n","protected":false},"excerpt":{"rendered":"<p>Por Valter Lima, do Brasil 247 Gabriel Dam\u00e1sio, do Jornal do Dia &#8211; As empresas de \u00f4nibus de Aracaju v\u00e3o recorrer da decis\u00e3o judicial que determinou a redu\u00e7\u00e3o da tarifa de transporte coletivo da capital para R$ 2,25. A informa\u00e7\u00e3o \u00e9 confirmada pelo presidente do Sindicato das Empresas de Transportes de Passageiros de Aracaju (Setransp), [&hellip;]<\/p>\n","protected":false},"author":1,"featured_media":25798,"comment_status":"closed","ping_status":"closed","sticky":false,"template":"","format":"standard","meta":{"footnotes":""},"categories":[310,6],"tags":[],"class_list":{"0":"post-50430","1":"post","2":"type-post","3":"status-publish","4":"format-standard","5":"has-post-thumbnail","7":"category-destaques-da-semana","8":"category-politica"},"_links":{"self":[{"href":"https:\/\/senoticias.com.br\/se\/wp-json\/wp\/v2\/posts\/50430"}],"collection":[{"href":"https:\/\/senoticias.com.br\/se\/wp-json\/wp\/v2\/posts"}],"about":[{"href":"https:\/\/senoticias.com.br\/se\/wp-json\/wp\/v2\/types\/post"}],"author":[{"embeddable":true,"href":"https:\/\/senoticias.com.br\/se\/wp-json\/wp\/v2\/users\/1"}],"replies":[{"embeddable":true,"href":"https:\/\/senoticias.com.br\/se\/wp-json\/wp\/v2\/comments?post=50430"}],"version-history":[{"count":0,"href":"https:\/\/senoticias.com.br\/se\/wp-json\/wp\/v2\/posts\/50430\/revisions"}],"wp:featuredmedia":[{"embeddable":true,"href":"https:\/\/senoticias.com.br\/se\/wp-json\/wp\/v2\/media\/25798"}],"wp:attachment":[{"href":"https:\/\/senoticias.com.br\/se\/wp-json\/wp\/v2\/media?parent=50430"}],"wp:term":[{"taxonomy":"category","embeddable":true,"href":"https:\/\/senoticias.com.br\/se\/wp-json\/wp\/v2\/categories?post=50430"},{"taxonomy":"post_tag","embeddable":true,"href":"https:\/\/senoticias.com.br\/se\/wp-json\/wp\/v2\/tags?post=50430"}],"curies":[{"name":"wp","href":"https:\/\/api.w.org\/{rel}","templated":true}]}}