{"id":50426,"date":"2013-07-14T23:12:44","date_gmt":"2013-07-15T02:12:44","guid":{"rendered":"http:\/\/senoticias.com.br\/se\/?p=50426"},"modified":"2013-07-14T23:22:44","modified_gmt":"2013-07-15T02:22:44","slug":"flamengo-vence-vasco-em-brasilia-e-da-pulo-na-classificacao","status":"publish","type":"post","link":"https:\/\/senoticias.com.br\/se\/flamengo-vence-vasco-em-brasilia-e-da-pulo-na-classificacao\/","title":{"rendered":"Flamengo vence Vasco em Bras\u00edlia e d\u00e1 pulo na classifica\u00e7\u00e3o"},"content":{"rendered":"<p><em><strong>Da Gazeta Press, em Bras\u00edlia (DF)<\/strong><\/em><\/p>\n<p style=\"text-align: justify;\">Com um gol de Paulinho no primeiro tempo, o Flamengo venceu por 1 a 0 o Vasco, neste domingo, em Bras\u00edlia, e saiu da zona de rebaixamento. Os rubro-negros chegaram a nove pontos e terminaram a rodada na 11\u00aa posi\u00e7\u00e3o. J\u00e1 os cruz-maltinos, com sete, seguem em situa\u00e7\u00e3o complicada e agora entraram no grupo dos quatro \u00faltimos, na 17\u00aa coloca\u00e7\u00e3o.<\/p>\n<div id=\"attachment_50428\" style=\"width: 606px\" class=\"wp-caption aligncenter\"><a href=\"http:\/\/senoticias.com.br\/se\/wp-content\/uploads\/2013\/07\/Paulinho.jpg\"><img loading=\"lazy\" decoding=\"async\" aria-describedby=\"caption-attachment-50428\" class=\"size-full wp-image-50428\" alt=\"Paulinho garantiu vit\u00f3ria do Fla sobre o Vasco. (Foto:  Cadu Gomes \/ Ag\u00eancia O DIA)\" src=\"http:\/\/senoticias.com.br\/se\/wp-content\/uploads\/2013\/07\/Paulinho.jpg\" width=\"596\" height=\"398\" srcset=\"https:\/\/senoticias.com.br\/se\/wp-content\/uploads\/2013\/07\/Paulinho.jpg 596w, https:\/\/senoticias.com.br\/se\/wp-content\/uploads\/2013\/07\/Paulinho-300x200.jpg 300w, https:\/\/senoticias.com.br\/se\/wp-content\/uploads\/2013\/07\/Paulinho-342x228.jpg 342w\" sizes=\"(max-width: 596px) 100vw, 596px\" \/><\/a><p id=\"caption-attachment-50428\" class=\"wp-caption-text\">Paulinho garantiu vit\u00f3ria do Fla sobre o Vasco. (Foto: Cadu Gomes \/ Ag\u00eancia O DIA)<\/p><\/div>\n<p style=\"text-align: justify;\">O Flamengo dominou o primeiro tempo e criou diversas oportunidades. No entanto, o \u00fanico gol do jogo saiu com Paulinho, que recebeu passe de Elias. O Vasco ainda tentou correr atr\u00e1s do marcador no segundo tempo, mas sofreu com a falta de organiza\u00e7\u00e3o em campo.<\/p>\n<p style=\"text-align: justify;\">Na pr\u00f3xima rodada, o Flamengo vai at\u00e9 o Rio Grande do Sul para encarar o Internacional, no domingo. No mesmo dia, o Vasco vai tentar acabar com a m\u00e1 fase no cl\u00e1ssico contra o Fluminense, na reabertura do Maracan\u00e3 ap\u00f3s a Copa das Confedera\u00e7\u00f5es.<\/p>\n<p style=\"text-align: justify;\">O jogo -O Flamengo come\u00e7ou melhor a partida e conseguia chegar com facilidade perto do gol do Vasco. Os rubro-negros quase abriram o placar aos cinco minutos, quando Carlos Eduardo recebeu passe na entrada da \u00e1rea e finalizou pr\u00f3ximo a trave direita de Diogo Silva. Os cruzmaltinos erravam muito na parte ofensiva e n\u00e3o chegaram pr\u00f3ximo de levar perigo a Felipe.<\/p>\n<p style=\"text-align: justify;\">Mais organizado, o Flamengo viu o Vasco melhorar, mas seguia com mais volume de jogo. Os rubro-negros criaram nova chance aos 17 minutos. Gabriel cruzou pela direita para Marcelo Moreno, mas o atacante finalizou mal, pois foi abafado pelo goleiro Diogo Silva. Os flamenguistas permaneceram na press\u00e3o e tiveram nova oportunidade aos 28, quando Marcelo Moreno chutou da entrada da \u00e1rea e Diogo Silva novamente salvou os cruzmaltinos.<br \/>\nDe tanto insistir, o Flamengo abriu o marcador aos 29 minutos. Wallace tocou para Elias dentro da \u00e1rea. O voltante finalizou, mas parou em Diogo Silva. No rebote, o volante tocou para Paulinho, que s\u00f3 teve o trabalho de colocar na rede.<\/p>\n<p style=\"text-align: justify;\">Somente depois do rev\u00e9s, o Vasco conseguiu chegar pr\u00f3ximo a \u00e1rea rubro-negra. Aos 33 minutos, \u00c9der Lu\u00eds cruzou rasteiro pela direita, mas Andr\u00e9 n\u00e3o desviou a bola para a rede. O Flamengo diminuiu o ritmo e passou a tocar mais a bola. Assim, os flamenguistas foram para o intervalo com a vantagem no placar em Bras\u00edlia.<\/p>\n<p style=\"text-align: justify;\">Na etapa final, o ritmo da partida caiu. O Vasco tentou impor uma press\u00e3o e at\u00e9 chegou ao ataque em bom chute de Dakson defendido por Felipe. No entanto, foi o Flamengo que teve a melhor chance, aos dez minutos. Paulinho finalizou colocado e quase marcou um gola\u00e7o, mas viu a bola passar perto da trave cruzmaltina.<\/p>\n<p style=\"text-align: justify;\">Aos poucos, o Vasco passou a dominar a partida se aproveitando do recuo do Flamengo. Os cruzmaltinos rondavam a \u00e1rea advers\u00e1ria, mas paravam na retranca rubro-negra. Nos minutos finais, os vasca\u00ednos cansaram e passaram a ver o advers\u00e1rio quase ampliar. Com isso, os flamenguistas puderam comemorar a primeira vit\u00f3ria da equipe na capital federal na temporada.<\/p>\n","protected":false},"excerpt":{"rendered":"<p>Da Gazeta Press, em Bras\u00edlia (DF) Com um gol de Paulinho no primeiro tempo, o Flamengo venceu por 1 a 0 o Vasco, neste domingo, em Bras\u00edlia, e saiu da zona de rebaixamento. Os rubro-negros chegaram a nove pontos e terminaram a rodada na 11\u00aa posi\u00e7\u00e3o. J\u00e1 os cruz-maltinos, com sete, seguem em situa\u00e7\u00e3o complicada [&hellip;]<\/p>\n","protected":false},"author":3,"featured_media":50428,"comment_status":"closed","ping_status":"closed","sticky":false,"template":"","format":"standard","meta":{"footnotes":""},"categories":[15,39,1,8],"tags":[],"class_list":{"0":"post-50426","1":"post","2":"type-post","3":"status-publish","4":"format-standard","5":"has-post-thumbnail","7":"category-destaques","8":"category-esporte","9":"category-sem-categoria","10":"category-esporte-e-cultura"},"_links":{"self":[{"href":"https:\/\/senoticias.com.br\/se\/wp-json\/wp\/v2\/posts\/50426"}],"collection":[{"href":"https:\/\/senoticias.com.br\/se\/wp-json\/wp\/v2\/posts"}],"about":[{"href":"https:\/\/senoticias.com.br\/se\/wp-json\/wp\/v2\/types\/post"}],"author":[{"embeddable":true,"href":"https:\/\/senoticias.com.br\/se\/wp-json\/wp\/v2\/users\/3"}],"replies":[{"embeddable":true,"href":"https:\/\/senoticias.com.br\/se\/wp-json\/wp\/v2\/comments?post=50426"}],"version-history":[{"count":0,"href":"https:\/\/senoticias.com.br\/se\/wp-json\/wp\/v2\/posts\/50426\/revisions"}],"wp:featuredmedia":[{"embeddable":true,"href":"https:\/\/senoticias.com.br\/se\/wp-json\/wp\/v2\/media\/50428"}],"wp:attachment":[{"href":"https:\/\/senoticias.com.br\/se\/wp-json\/wp\/v2\/media?parent=50426"}],"wp:term":[{"taxonomy":"category","embeddable":true,"href":"https:\/\/senoticias.com.br\/se\/wp-json\/wp\/v2\/categories?post=50426"},{"taxonomy":"post_tag","embeddable":true,"href":"https:\/\/senoticias.com.br\/se\/wp-json\/wp\/v2\/tags?post=50426"}],"curies":[{"name":"wp","href":"https:\/\/api.w.org\/{rel}","templated":true}]}}