{"id":50424,"date":"2013-07-14T12:59:19","date_gmt":"2013-07-14T15:59:19","guid":{"rendered":"http:\/\/senoticias.com.br\/se\/?p=50424"},"modified":"2013-07-14T12:59:19","modified_gmt":"2013-07-14T15:59:19","slug":"dois-bebes-sao-achados-mortos-na-madrugada-deste-domingo-um-deles-foi-encontrado-dentro-do-lixo-em-sao-cristovao","status":"publish","type":"post","link":"https:\/\/senoticias.com.br\/se\/dois-bebes-sao-achados-mortos-na-madrugada-deste-domingo-um-deles-foi-encontrado-dentro-do-lixo-em-sao-cristovao\/","title":{"rendered":"Dois Beb\u00eas s\u00e3o achados mortos na madrugada deste domingo. Um deles foi encontrado dentro do lixo, em S\u00e3o Crist\u00f3v\u00e3o"},"content":{"rendered":"<div id=\"attachment_21098\" style=\"width: 310px\" class=\"wp-caption alignright\"><a href=\"http:\/\/senoticias.com.br\/se\/wp-content\/uploads\/2011\/12\/IML.jpg\"><img loading=\"lazy\" decoding=\"async\" aria-describedby=\"caption-attachment-21098\" class=\"size-medium wp-image-21098\" alt=\"Os corpos foram removidos para o IML.  (Reprodu\u00e7\u00e3o)\" src=\"http:\/\/senoticias.com.br\/se\/wp-content\/uploads\/2011\/12\/IML-300x225.jpg\" width=\"300\" height=\"225\" srcset=\"https:\/\/senoticias.com.br\/se\/wp-content\/uploads\/2011\/12\/IML-300x225.jpg 300w, https:\/\/senoticias.com.br\/se\/wp-content\/uploads\/2011\/12\/IML-342x256.jpg 342w, https:\/\/senoticias.com.br\/se\/wp-content\/uploads\/2011\/12\/IML-60x45.jpg 60w, https:\/\/senoticias.com.br\/se\/wp-content\/uploads\/2011\/12\/IML-150x113.jpg 150w, https:\/\/senoticias.com.br\/se\/wp-content\/uploads\/2011\/12\/IML-269x201.jpg 269w, https:\/\/senoticias.com.br\/se\/wp-content\/uploads\/2011\/12\/IML.jpg 500w\" sizes=\"(max-width: 300px) 100vw, 300px\" \/><\/a><p id=\"caption-attachment-21098\" class=\"wp-caption-text\">Os corpos foram removidos para o IML. (Reprodu\u00e7\u00e3o)<\/p><\/div>\n<p style=\"text-align: justify;\">Dois rec\u00e9m-nascidos foram encontrados mortos nesta madrugada de domingo. Um deles no munic\u00edpio de Capela e o outro no Munic\u00edpio de S\u00e3o Crist\u00f3v\u00e3o. Ambos n\u00e3o foram identificados at\u00e9 o momento. De acordo com informa\u00e7\u00f5es do Instituo M\u00e9dico Legal (IML), o primeiro beb\u00ea foi encontrado morto pelos pais na cama do casal.<\/p>\n<p style=\"text-align: justify;\">A crian\u00e7a, do sexo masculino, n\u00e3o foi identificada porque tem 10 dias de nascida e n\u00e3o possu\u00eda registro de nascimento. J\u00e1 ao segundo beb\u00ea foi encontrado na Rua Luiz Alves em S\u00e3o Crist\u00f3v\u00e3o. O beb\u00ea foi encontrado por populares em um lixo. Os corpos continuam no IML para identifica\u00e7\u00e3o. Ainda n\u00e3o h\u00e1 informa\u00e7\u00f5es sobre a m\u00e3e dos beb\u00eas, e ningu\u00e9m foi preso.<\/p>\n<p style=\"text-align: justify;\"><em><strong>Informa\u00e7\u00f5es do Portal Infonet<\/strong><\/em><\/p>\n","protected":false},"excerpt":{"rendered":"<p>Dois rec\u00e9m-nascidos foram encontrados mortos nesta madrugada de domingo. Um deles no munic\u00edpio de Capela e o outro no Munic\u00edpio de S\u00e3o Crist\u00f3v\u00e3o. Ambos n\u00e3o foram identificados at\u00e9 o momento. De acordo com informa\u00e7\u00f5es do Instituo M\u00e9dico Legal (IML), o primeiro beb\u00ea foi encontrado morto pelos pais na cama do casal. A crian\u00e7a, do sexo [&hellip;]<\/p>\n","protected":false},"author":1,"featured_media":21098,"comment_status":"closed","ping_status":"closed","sticky":false,"template":"","format":"standard","meta":{"footnotes":""},"categories":[7],"tags":[],"class_list":{"0":"post-50424","1":"post","2":"type-post","3":"status-publish","4":"format-standard","5":"has-post-thumbnail","7":"category-policia"},"_links":{"self":[{"href":"https:\/\/senoticias.com.br\/se\/wp-json\/wp\/v2\/posts\/50424"}],"collection":[{"href":"https:\/\/senoticias.com.br\/se\/wp-json\/wp\/v2\/posts"}],"about":[{"href":"https:\/\/senoticias.com.br\/se\/wp-json\/wp\/v2\/types\/post"}],"author":[{"embeddable":true,"href":"https:\/\/senoticias.com.br\/se\/wp-json\/wp\/v2\/users\/1"}],"replies":[{"embeddable":true,"href":"https:\/\/senoticias.com.br\/se\/wp-json\/wp\/v2\/comments?post=50424"}],"version-history":[{"count":0,"href":"https:\/\/senoticias.com.br\/se\/wp-json\/wp\/v2\/posts\/50424\/revisions"}],"wp:featuredmedia":[{"embeddable":true,"href":"https:\/\/senoticias.com.br\/se\/wp-json\/wp\/v2\/media\/21098"}],"wp:attachment":[{"href":"https:\/\/senoticias.com.br\/se\/wp-json\/wp\/v2\/media?parent=50424"}],"wp:term":[{"taxonomy":"category","embeddable":true,"href":"https:\/\/senoticias.com.br\/se\/wp-json\/wp\/v2\/categories?post=50424"},{"taxonomy":"post_tag","embeddable":true,"href":"https:\/\/senoticias.com.br\/se\/wp-json\/wp\/v2\/tags?post=50424"}],"curies":[{"name":"wp","href":"https:\/\/api.w.org\/{rel}","templated":true}]}}