{"id":50420,"date":"2013-07-14T08:19:10","date_gmt":"2013-07-14T11:19:10","guid":{"rendered":"http:\/\/senoticias.com.br\/se\/?p=50420"},"modified":"2013-07-15T16:59:38","modified_gmt":"2013-07-15T19:59:38","slug":"papamoveis-que-transportarao-francisco-chegam-ao-rio-segunda","status":"publish","type":"post","link":"https:\/\/senoticias.com.br\/se\/papamoveis-que-transportarao-francisco-chegam-ao-rio-segunda\/","title":{"rendered":"Papam\u00f3veis que transportar\u00e3o Francisco chegam ao Rio segunda"},"content":{"rendered":"<div id=\"attachment_50421\" style=\"width: 310px\" class=\"wp-caption alignright\"><a href=\"http:\/\/senoticias.com.br\/se\/wp-content\/uploads\/2013\/07\/Papam\u00f3veis-que-transportar\u00e3o-Francisco-chegam-ao-Rio-segunda-feira.jpg\"><img loading=\"lazy\" decoding=\"async\" aria-describedby=\"caption-attachment-50421\" class=\"size-medium wp-image-50421\" alt=\" Um dos papam\u00f3veis \u00e9 pintado na tradicional cor branca e o outro \u00e9 um jipe verde.(Divulga\u00e7\u00e3o)\" src=\"http:\/\/senoticias.com.br\/se\/wp-content\/uploads\/2013\/07\/Papam\u00f3veis-que-transportar\u00e3o-Francisco-chegam-ao-Rio-segunda-feira-300x187.jpg\" width=\"300\" height=\"187\" srcset=\"https:\/\/senoticias.com.br\/se\/wp-content\/uploads\/2013\/07\/Papam\u00f3veis-que-transportar\u00e3o-Francisco-chegam-ao-Rio-segunda-feira-300x187.jpg 300w, https:\/\/senoticias.com.br\/se\/wp-content\/uploads\/2013\/07\/Papam\u00f3veis-que-transportar\u00e3o-Francisco-chegam-ao-Rio-segunda-feira-342x213.jpg 342w, https:\/\/senoticias.com.br\/se\/wp-content\/uploads\/2013\/07\/Papam\u00f3veis-que-transportar\u00e3o-Francisco-chegam-ao-Rio-segunda-feira.jpg 400w\" sizes=\"(max-width: 300px) 100vw, 300px\" \/><\/a><p id=\"caption-attachment-50421\" class=\"wp-caption-text\"><br \/>Um dos papam\u00f3veis \u00e9 pintado na tradicional cor branca e o outro \u00e9 um jipe verde.(Divulga\u00e7\u00e3o)<\/p><\/div>\n<p style=\"text-align: justify;\">Dois papam\u00f3veis que servir\u00e3o como meio de transporte do papa Francisco, durante sua visita ao Brasil no final deste m\u00eas, ser\u00e3o trazidos de Roma em um avi\u00e3o H\u00e9rcules C-130, da For\u00e7a A\u00e9rea Brasileira (FAB). A aeronave deve pousar na Base A\u00e9rea do Gale\u00e3o, no Rio de Janeiro, na tarde da pr\u00f3xima segunda-feira (15).<\/p>\n<p style=\"text-align: justify;\">Segundo nota divulgada pela Aeron\u00e1utica, sete militares est\u00e3o respons\u00e1veis pelo transporte dos ve\u00edculos oficiais do papa. Antes de chegar ao Rio de Janeiro, o avi\u00e3o da FAB deve fazer paradas nas Ilhas Can\u00e1rias, arquip\u00e9lago espanhol no Oceano Atl\u00e2ntico, e em Fortaleza, capital cearense.<\/p>\n<p style=\"text-align: justify;\">Um dos papam\u00f3veis \u00e9 pintado na tradicional cor branca e o outro \u00e9 um jipe verde.<\/p>\n<p style=\"text-align: justify;\">O papa Francisco participar\u00e1 dos eventos da Jornada Mundial da Juventude (JMJ), de 23 a 28 deste m\u00eas, no Rio de Janeiro. A JMJ \u00e9 o maior evento internacional da juventude cat\u00f3lica. A viagem ao Rio ser\u00e1 o primeiro compromisso de Francisco no exterior, desde que foi eleito para substituir o papa Bento XVI, que renunciou ao pontificado em fevereiro deste ano. Jorge Mario Bergoglio, ex-arcebispo de Buenos Aires, foi eleito no dia de 13 de mar\u00e7o.<\/p>\n<p style=\"text-align: justify;\"><em><strong>Da Ag\u00eancia Brasil<\/strong><\/em><\/p>\n","protected":false},"excerpt":{"rendered":"<p>Dois papam\u00f3veis que servir\u00e3o como meio de transporte do papa Francisco, durante sua visita ao Brasil no final deste m\u00eas, ser\u00e3o trazidos de Roma em um avi\u00e3o H\u00e9rcules C-130, da For\u00e7a A\u00e9rea Brasileira (FAB). A aeronave deve pousar na Base A\u00e9rea do Gale\u00e3o, no Rio de Janeiro, na tarde da pr\u00f3xima segunda-feira (15). Segundo nota [&hellip;]<\/p>\n","protected":false},"author":1,"featured_media":50421,"comment_status":"closed","ping_status":"closed","sticky":false,"template":"","format":"standard","meta":{"footnotes":""},"categories":[310,46],"tags":[],"class_list":{"0":"post-50420","1":"post","2":"type-post","3":"status-publish","4":"format-standard","5":"has-post-thumbnail","7":"category-destaques-da-semana","8":"category-religiao"},"_links":{"self":[{"href":"https:\/\/senoticias.com.br\/se\/wp-json\/wp\/v2\/posts\/50420"}],"collection":[{"href":"https:\/\/senoticias.com.br\/se\/wp-json\/wp\/v2\/posts"}],"about":[{"href":"https:\/\/senoticias.com.br\/se\/wp-json\/wp\/v2\/types\/post"}],"author":[{"embeddable":true,"href":"https:\/\/senoticias.com.br\/se\/wp-json\/wp\/v2\/users\/1"}],"replies":[{"embeddable":true,"href":"https:\/\/senoticias.com.br\/se\/wp-json\/wp\/v2\/comments?post=50420"}],"version-history":[{"count":0,"href":"https:\/\/senoticias.com.br\/se\/wp-json\/wp\/v2\/posts\/50420\/revisions"}],"wp:featuredmedia":[{"embeddable":true,"href":"https:\/\/senoticias.com.br\/se\/wp-json\/wp\/v2\/media\/50421"}],"wp:attachment":[{"href":"https:\/\/senoticias.com.br\/se\/wp-json\/wp\/v2\/media?parent=50420"}],"wp:term":[{"taxonomy":"category","embeddable":true,"href":"https:\/\/senoticias.com.br\/se\/wp-json\/wp\/v2\/categories?post=50420"},{"taxonomy":"post_tag","embeddable":true,"href":"https:\/\/senoticias.com.br\/se\/wp-json\/wp\/v2\/tags?post=50420"}],"curies":[{"name":"wp","href":"https:\/\/api.w.org\/{rel}","templated":true}]}}