{"id":50397,"date":"2013-07-13T13:09:12","date_gmt":"2013-07-13T16:09:12","guid":{"rendered":"http:\/\/senoticias.com.br\/se\/?p=50397"},"modified":"2013-07-13T13:27:10","modified_gmt":"2013-07-13T16:27:10","slug":"usiel-rios-disputara-reeleicao-para-presidencia-do-pt-de-aracaju","status":"publish","type":"post","link":"https:\/\/senoticias.com.br\/se\/usiel-rios-disputara-reeleicao-para-presidencia-do-pt-de-aracaju\/","title":{"rendered":"Usiel Rios disputar\u00e1 reelei\u00e7\u00e3o para presid\u00eancia do PT de Aracaju"},"content":{"rendered":"<p>&nbsp;<\/p>\n<div id=\"attachment_50399\" style=\"width: 330px\" class=\"wp-caption alignright\"><a href=\"http:\/\/senoticias.com.br\/se\/wp-content\/uploads\/2013\/07\/Usiel.jpg\"><img loading=\"lazy\" decoding=\"async\" aria-describedby=\"caption-attachment-50399\" class=\"size-full wp-image-50399\" alt=\"Usiel Rios disputar\u00e1 reelei\u00e7\u00e3o para presid\u00eancia do PT de Aracaju. (Divulga\u00e7\u00e3o)\" src=\"http:\/\/senoticias.com.br\/se\/wp-content\/uploads\/2013\/07\/Usiel.jpg\" width=\"320\" height=\"240\" srcset=\"https:\/\/senoticias.com.br\/se\/wp-content\/uploads\/2013\/07\/Usiel.jpg 320w, https:\/\/senoticias.com.br\/se\/wp-content\/uploads\/2013\/07\/Usiel-300x225.jpg 300w, https:\/\/senoticias.com.br\/se\/wp-content\/uploads\/2013\/07\/Usiel-60x45.jpg 60w, https:\/\/senoticias.com.br\/se\/wp-content\/uploads\/2013\/07\/Usiel-150x113.jpg 150w, https:\/\/senoticias.com.br\/se\/wp-content\/uploads\/2013\/07\/Usiel-269x201.jpg 269w\" sizes=\"(max-width: 320px) 100vw, 320px\" \/><\/a><p id=\"caption-attachment-50399\" class=\"wp-caption-text\">Usiel Rios disputar\u00e1 reelei\u00e7\u00e3o para presid\u00eancia do PT de Aracaju. (Divulga\u00e7\u00e3o)<\/p><\/div>\n<p style=\"text-align: justify;\">A corrente majorit\u00e1ria Articula\u00e7\u00e3o Unidade na Luta\/Construindo Um Novo Brasil (AUL\/CNB) definiu na noite desta sexta-feira (12) o lan\u00e7amento da pr\u00e9-candidatura de Usiel Rios \u00e0 reelei\u00e7\u00e3o para a Presid\u00eancia do Diret\u00f3rio Municipal do Partido dos Trabalhadores (PT) em Aracaju. Ele conta com o apoio do deputado federal M\u00e1rcio Mac\u00eado (PT), do secret\u00e1rio de Estado da Casa Civil Silvio Santos. O Processo de Elei\u00e7\u00e3o Direta (PED) da legenda ocorre em outubro.<\/p>\n<p style=\"text-align: justify;\">&#8220;Usiel Rios \u00e9 o atual presidente do Diret\u00f3rio Municipal, cumpriu bem seu mandato e tem todo o direito de pleitear a reelei\u00e7\u00e3o. \u00c9 um quadro expressivo do PT, tem hist\u00f3rico no movimento sindical e constru\u00e7\u00e3o partid\u00e1ria. Tem trabalhado pelo fortalecimento do partido e possui perfil conciliador para garantir a unidade de a\u00e7\u00e3o que o PT necessita para esse novo momento que ir\u00e1 enfrentar&#8221;, afirmou o deputado federal M\u00e1rcio Mac\u00eado.<\/p>\n<p style=\"text-align: justify;\">Para justificar a escolha pelo nome de Usiel Rios, a corrente AUL\/CNB elaborou um manifesto em que afirma que a elei\u00e7\u00e3o de Marcelo D\u00e9da a prefeito em 2000 significou \u201cuma profunda mudan\u00e7a na l\u00f3gica das pol\u00edticas p\u00fablicas do munic\u00edpio e uma ruptura com o passado\u201d. No documento, \u00e9 dito ainda que \u201ca import\u00e2ncia estrat\u00e9gica de Aracaju reaparece agora em quadro adverso, diante da vit\u00f3ria eleitoral do DEM e dos seus aliados\u201d.<\/p>\n<p style=\"text-align: justify;\">\u201cNo pr\u00f3ximo PED, dirigentes e milit\u00e2ncia ter\u00e3o o desafio de, mais de uma d\u00e9cada depois, se tornar a referencia da oposi\u00e7\u00e3o e de enfrentamento em Aracaju a uma direita que na gest\u00e3o titubeia, numa demonstra\u00e7\u00e3o clara de que se elegeu sem projeto e na pol\u00edtica se fragmenta e se move de acordo com os interesses privados do clientelismo e do patrimonialismo, e, especialmente, dos interesses do cl\u00e3 do prefeito Jo\u00e3o Alves e seus agregados\u201d, afirma.<\/p>\n<p style=\"text-align: justify;\">A Articula\u00e7\u00e3o Unidade na Luta ressalta que dever\u00e1 fortalecer seu papel de oposi\u00e7\u00e3o ao governo do prefeito Jo\u00e3o Alves Filho e dos seus aliados e frisa \u201ca import\u00e2ncia e o protagonismo do PT de Aracaju nas elei\u00e7\u00f5es de 2014, sobretudo pela import\u00e2ncia das organiza\u00e7\u00f5es do movimento sindical e popular, pela densidade eleitoral do partido e das for\u00e7as progressistas no munic\u00edpio e pelo tamanho do nosso col\u00e9gio eleitoral\u201d.<\/p>\n<p style=\"text-align: justify;\">\u201cPortanto, n\u00f3s, militantes da Articula\u00e7\u00e3o Unidade na Luta\/CNB, indicamos o nome do companheiro Usiel Rios, com a liberdade e o compromisso de debater com as demais for\u00e7as do partido a constru\u00e7\u00e3o program\u00e1tica que aponte para a unidade partid\u00e1ria na perspectiva do fortalecimento do PT, avan\u00e7ando na dire\u00e7\u00e3o da reconquista da maioria do eleitorado de Aracaju, tendo em vista os desafios apontados a partir de 2014\u201d, encerra.<\/p>\n<p style=\"text-align: justify;\">Na reuni\u00e3o tamb\u00e9m foi criado um coletivo da corrente para estabelecer agenda, articula\u00e7\u00e3o e mobiliza\u00e7\u00e3o para o PED. Os nomes do coletivo s\u00e3o: Chico Buchinho, Evandro Galdino, Ot\u00e1vio Sales, Fredson Santana e Fekete Souza.<\/p>\n<p style=\"text-align: justify;\"><strong>Abaixo o manifesto na \u00edntegra:<\/strong><\/p>\n<p style=\"text-align: justify;\">Em Aracaju, a vit\u00f3ria eleitoral no ano 2000 do Partido dos Trabalhadores e do bloco hist\u00f3rico de partidos progressistas, liderados pelo companheiro Marcelo D\u00e9da, significou uma profunda mudan\u00e7a na l\u00f3gica das pol\u00edticas p\u00fablicas do munic\u00edpio e uma ruptura com o passado. A cria\u00e7\u00e3o da Secretaria do Or\u00e7amento Participativo, a implementa\u00e7\u00e3o do SAMU, a implementa\u00e7\u00e3o da gest\u00e3o democr\u00e1tica e a constru\u00e7\u00e3o de obras estruturantes em toda a cidade s\u00e3o alguns dos legados petistas respons\u00e1veis pelo aperfei\u00e7oamento da democracia com a participa\u00e7\u00e3o popular, melhoria da qualidade de vida dos aracajuanos e uma refer\u00eancia progressista e democr\u00e1tica para o pa\u00eds.<\/p>\n<p style=\"text-align: justify;\">Esse cen\u00e1rio foi determinante para que o campo democr\u00e1tico-popular fosse igualmente vitorioso no processo pol\u00edtico de 2006 elegendo o companheiro D\u00e9da governador de Sergipe. A import\u00e2ncia estrat\u00e9gica de Aracaju reaparece em um novo cen\u00e1rio, 13 anos depois, e apesar da avalia\u00e7\u00e3o de que a coaliz\u00e3o de centro-esquerda liderada pelo PT continuar avan\u00e7ando no Brasil e no estado, temos hoje um quadro adverso em nossa capital, a vit\u00f3ria eleitoral do DEM e dos seus aliados.<\/p>\n<p style=\"text-align: justify;\">No pr\u00f3ximo PED, dirigentes e milit\u00e2ncia ter\u00e3o o desafio de, mais de uma d\u00e9cada depois, se tornar a referencia da oposi\u00e7\u00e3o e de enfrentamento em Aracaju a uma direita que na gest\u00e3o titubeia, numa demonstra\u00e7\u00e3o clara de que se elegeu sem projeto e na pol\u00edtica se fragmenta e se move de acordo com os interesses privados do clientelismo e do patrimonialismo, e, especialmente, dos interesses do cl\u00e3 do prefeito Jo\u00e3o Alves e seus agregados.<\/p>\n<p style=\"text-align: justify;\">O papel de oposi\u00e7\u00e3o e de enfrentamento ao governo do prefeito Jo\u00e3o Alves Filho e dos seus aliados, exigir\u00e1 unidade partid\u00e1ria e constante mobiliza\u00e7\u00e3o da milit\u00e2ncia ao mesmo tempo em que devemos ampliar e consolidar o di\u00e1logo com as for\u00e7as pol\u00edticas que representem a polariza\u00e7\u00e3o dos projetos distintos. Temos clareza da import\u00e2ncia e do protagonismo do PT de Aracaju nas elei\u00e7\u00f5es de 2014, sobretudo pela import\u00e2ncia das organiza\u00e7\u00f5es do movimento sindical e popular, pela densidade eleitoral do partido e das for\u00e7as progressistas em nosso munic\u00edpio e pelo tamanho do nosso col\u00e9gio eleitoral.<\/p>\n<p style=\"text-align: justify;\">Portanto, n\u00f3s, militantes da Articula\u00e7\u00e3o Unidade na Luta\/CNB, indicamos o nome do companheiro Usiel Rios como Pr\u00e9-Candidato a Presidente Municipal do PT de Aracaju, por esta corrente, com a liberdade e o compromisso de debater com as demais for\u00e7as do Partido a constru\u00e7\u00e3o program\u00e1tica que aponte para a unidade partid\u00e1ria na perspectiva do fortalecimento do Partido dos Trabalhadores, avan\u00e7ando na dire\u00e7\u00e3o da reconquista da maioria do eleitorado de Aracaju, tendo em vista os desafios apontados a partir de 2014.<\/p>\n<p style=\"text-align: justify;\"><strong><em>Da Assessoria do Partido dos Trabalhadores<\/em><\/strong><\/p>\n","protected":false},"excerpt":{"rendered":"<p>&nbsp; A corrente majorit\u00e1ria Articula\u00e7\u00e3o Unidade na Luta\/Construindo Um Novo Brasil (AUL\/CNB) definiu na noite desta sexta-feira (12) o lan\u00e7amento da pr\u00e9-candidatura de Usiel Rios \u00e0 reelei\u00e7\u00e3o para a Presid\u00eancia do Diret\u00f3rio Municipal do Partido dos Trabalhadores (PT) em Aracaju. Ele conta com o apoio do deputado federal M\u00e1rcio Mac\u00eado (PT), do secret\u00e1rio de Estado [&hellip;]<\/p>\n","protected":false},"author":3,"featured_media":50399,"comment_status":"closed","ping_status":"closed","sticky":false,"template":"","format":"standard","meta":{"footnotes":""},"categories":[6,1],"tags":[],"class_list":{"0":"post-50397","1":"post","2":"type-post","3":"status-publish","4":"format-standard","5":"has-post-thumbnail","7":"category-politica","8":"category-sem-categoria"},"_links":{"self":[{"href":"https:\/\/senoticias.com.br\/se\/wp-json\/wp\/v2\/posts\/50397"}],"collection":[{"href":"https:\/\/senoticias.com.br\/se\/wp-json\/wp\/v2\/posts"}],"about":[{"href":"https:\/\/senoticias.com.br\/se\/wp-json\/wp\/v2\/types\/post"}],"author":[{"embeddable":true,"href":"https:\/\/senoticias.com.br\/se\/wp-json\/wp\/v2\/users\/3"}],"replies":[{"embeddable":true,"href":"https:\/\/senoticias.com.br\/se\/wp-json\/wp\/v2\/comments?post=50397"}],"version-history":[{"count":0,"href":"https:\/\/senoticias.com.br\/se\/wp-json\/wp\/v2\/posts\/50397\/revisions"}],"wp:featuredmedia":[{"embeddable":true,"href":"https:\/\/senoticias.com.br\/se\/wp-json\/wp\/v2\/media\/50399"}],"wp:attachment":[{"href":"https:\/\/senoticias.com.br\/se\/wp-json\/wp\/v2\/media?parent=50397"}],"wp:term":[{"taxonomy":"category","embeddable":true,"href":"https:\/\/senoticias.com.br\/se\/wp-json\/wp\/v2\/categories?post=50397"},{"taxonomy":"post_tag","embeddable":true,"href":"https:\/\/senoticias.com.br\/se\/wp-json\/wp\/v2\/tags?post=50397"}],"curies":[{"name":"wp","href":"https:\/\/api.w.org\/{rel}","templated":true}]}}