{"id":50392,"date":"2013-07-13T11:14:22","date_gmt":"2013-07-13T14:14:22","guid":{"rendered":"http:\/\/senoticias.com.br\/se\/?p=50392"},"modified":"2013-07-15T07:00:08","modified_gmt":"2013-07-15T10:00:08","slug":"onibus-tomba-e-deixa-ao-menos-dez-mortos-na-mg-259-em-governador-valadares","status":"publish","type":"post","link":"https:\/\/senoticias.com.br\/se\/onibus-tomba-e-deixa-ao-menos-dez-mortos-na-mg-259-em-governador-valadares\/","title":{"rendered":"\u00d4nibus tomba e deixa ao menos dez mortos na MG-259, em Governador Valadares"},"content":{"rendered":"<h5 style=\"text-align: justify;\"><em><strong>Da Folha UOL<\/strong><\/em><\/h5>\n<p style=\"text-align: justify;\">Dez pessoas morreram em um acidente com um \u00f4nibus na rodovia BR-259, na cidade mineira de S\u00e3o Jos\u00e9 do Goiabal (a 184 km de Belo Horizonte). O acidente ocorreu na noite dessa sexta-feira.<\/p>\n<div id=\"attachment_50394\" style=\"width: 608px\" class=\"wp-caption aligncenter\"><a href=\"http:\/\/senoticias.com.br\/se\/wp-content\/uploads\/2013\/07\/131941351.jpeg\"><img loading=\"lazy\" decoding=\"async\" aria-describedby=\"caption-attachment-50394\" class=\"size-full wp-image-50394\" alt=\" Dez pessoas morreram em um acidente com um \u00f4nibus na rodovia BR-259, na cidade mineira de S\u00e3o Jos\u00e9 do Goiabal, em Minas\" src=\"http:\/\/senoticias.com.br\/se\/wp-content\/uploads\/2013\/07\/131941351.jpeg\" width=\"598\" height=\"449\" srcset=\"https:\/\/senoticias.com.br\/se\/wp-content\/uploads\/2013\/07\/131941351.jpeg 598w, https:\/\/senoticias.com.br\/se\/wp-content\/uploads\/2013\/07\/131941351-300x225.jpeg 300w, https:\/\/senoticias.com.br\/se\/wp-content\/uploads\/2013\/07\/131941351-342x256.jpeg 342w, https:\/\/senoticias.com.br\/se\/wp-content\/uploads\/2013\/07\/131941351-60x45.jpeg 60w, https:\/\/senoticias.com.br\/se\/wp-content\/uploads\/2013\/07\/131941351-150x113.jpeg 150w, https:\/\/senoticias.com.br\/se\/wp-content\/uploads\/2013\/07\/131941351-269x201.jpeg 269w\" sizes=\"(max-width: 598px) 100vw, 598px\" \/><\/a><p id=\"caption-attachment-50394\" class=\"wp-caption-text\"><br \/>Dez pessoas morreram em um acidente com um \u00f4nibus na rodovia BR-259, na cidade mineira de S\u00e3o Jos\u00e9 do Goiabal, em Minas<\/p><\/div>\n<p style=\"text-align: justify;\">O motorista teria perdido o controle do ve\u00edculo em uma curva, segundo o Corpo de Bombeiros de Governador Valadares &#8211;cidade do leste de Minas para onde os corpos foram levados.<\/p>\n<p style=\"text-align: justify;\">O \u00f4nibus tinha 42 passageiros de Sobradinho, no Distrito Federal. O grupo era formado por fieis da igreja Assembleia de Deus e seguia para Setubinha (a 500 km de Belo Horizonte), onde participariam da inaugura\u00e7\u00e3o de um templo da igreja na cidade. O evento seria na noite de hoje.<\/p>\n<p style=\"text-align: justify;\">&#8220;Setubinha \u00e9 muito pobre, constru\u00edmos um pequeno templo l\u00e1 e organizamos uma caravana. Est\u00e1vamos levando at\u00e9 um palha\u00e7o para alegrar as crian\u00e7as&#8221;, disse o pastor Samuel da Silva Soares enquanto esperava a libera\u00e7\u00e3o dos corpos no IML (Instituto M\u00e9dico Legal) de Governador Valadares.<\/p>\n<p style=\"text-align: justify;\">O pastor n\u00e3o estava no \u00f4nibus acidentado, pois viajou antes para aprontar os \u00faltimos detalhes da inaugura\u00e7\u00e3o.<\/p>\n<p style=\"text-align: justify;\">Os bombeiros informaram que dez pessoas ficaram feridas no acidente. No entanto, o pastor Samuel, que organizou a caravana, afirmou \u00e0 Folha que cerca de 25 fieis est\u00e3o feridos. Segundo ele, cinco pessoas est\u00e3o hospitalizadas &#8211;duas delas em estado grave.<\/p>\n","protected":false},"excerpt":{"rendered":"<p>Da Folha UOL Dez pessoas morreram em um acidente com um \u00f4nibus na rodovia BR-259, na cidade mineira de S\u00e3o Jos\u00e9 do Goiabal (a 184 km de Belo Horizonte). O acidente ocorreu na noite dessa sexta-feira. O motorista teria perdido o controle do ve\u00edculo em uma curva, segundo o Corpo de Bombeiros de Governador Valadares [&hellip;]<\/p>\n","protected":false},"author":1,"featured_media":50393,"comment_status":"closed","ping_status":"closed","sticky":false,"template":"","format":"standard","meta":{"footnotes":""},"categories":[15,310],"tags":[],"class_list":{"0":"post-50392","1":"post","2":"type-post","3":"status-publish","4":"format-standard","5":"has-post-thumbnail","7":"category-destaques","8":"category-destaques-da-semana"},"_links":{"self":[{"href":"https:\/\/senoticias.com.br\/se\/wp-json\/wp\/v2\/posts\/50392"}],"collection":[{"href":"https:\/\/senoticias.com.br\/se\/wp-json\/wp\/v2\/posts"}],"about":[{"href":"https:\/\/senoticias.com.br\/se\/wp-json\/wp\/v2\/types\/post"}],"author":[{"embeddable":true,"href":"https:\/\/senoticias.com.br\/se\/wp-json\/wp\/v2\/users\/1"}],"replies":[{"embeddable":true,"href":"https:\/\/senoticias.com.br\/se\/wp-json\/wp\/v2\/comments?post=50392"}],"version-history":[{"count":0,"href":"https:\/\/senoticias.com.br\/se\/wp-json\/wp\/v2\/posts\/50392\/revisions"}],"wp:featuredmedia":[{"embeddable":true,"href":"https:\/\/senoticias.com.br\/se\/wp-json\/wp\/v2\/media\/50393"}],"wp:attachment":[{"href":"https:\/\/senoticias.com.br\/se\/wp-json\/wp\/v2\/media?parent=50392"}],"wp:term":[{"taxonomy":"category","embeddable":true,"href":"https:\/\/senoticias.com.br\/se\/wp-json\/wp\/v2\/categories?post=50392"},{"taxonomy":"post_tag","embeddable":true,"href":"https:\/\/senoticias.com.br\/se\/wp-json\/wp\/v2\/tags?post=50392"}],"curies":[{"name":"wp","href":"https:\/\/api.w.org\/{rel}","templated":true}]}}