{"id":50388,"date":"2013-07-13T10:38:37","date_gmt":"2013-07-13T13:38:37","guid":{"rendered":"http:\/\/senoticias.com.br\/se\/?p=50388"},"modified":"2013-07-13T10:39:12","modified_gmt":"2013-07-13T13:39:12","slug":"oabsergipe-vistoria-hospital-em-sao-cristovao","status":"publish","type":"post","link":"https:\/\/senoticias.com.br\/se\/oabsergipe-vistoria-hospital-em-sao-cristovao\/","title":{"rendered":"OAB\/Sergipe vistoria Hospital Senhor dos Passos, em S\u00e3o Crist\u00f3v\u00e3o"},"content":{"rendered":"<div id=\"attachment_44810\" style=\"width: 310px\" class=\"wp-caption alignright\"><a href=\"http:\/\/senoticias.com.br\/se\/wp-content\/uploads\/2013\/02\/Hospital.jpg\"><img loading=\"lazy\" decoding=\"async\" aria-describedby=\"caption-attachment-44810\" class=\"size-full wp-image-44810\" alt=\"Nova entrada da Emerg\u00eancia. (Foto: SE Not\u00edcias)\" src=\"http:\/\/senoticias.com.br\/se\/wp-content\/uploads\/2013\/02\/Hospital.jpg\" width=\"300\" height=\"225\" srcset=\"https:\/\/senoticias.com.br\/se\/wp-content\/uploads\/2013\/02\/Hospital.jpg 300w, https:\/\/senoticias.com.br\/se\/wp-content\/uploads\/2013\/02\/Hospital-60x45.jpg 60w, https:\/\/senoticias.com.br\/se\/wp-content\/uploads\/2013\/02\/Hospital-150x113.jpg 150w, https:\/\/senoticias.com.br\/se\/wp-content\/uploads\/2013\/02\/Hospital-269x201.jpg 269w\" sizes=\"(max-width: 300px) 100vw, 300px\" \/><\/a><p id=\"caption-attachment-44810\" class=\"wp-caption-text\">Nova entrada da Emerg\u00eancia. (Foto: SE Not\u00edcias)<\/p><\/div>\n<p style=\"text-align: justify;\">O gerente relatou que atualmente a unidade conta com cerca de 60 funcion\u00e1rios, tendo sempre um m\u00e9dico \u00e0 disposi\u00e7\u00e3o. Como o hospital ainda n\u00e3o pode realizar interna\u00e7\u00f5es, os pacientes podem ficar em observa\u00e7\u00e3o, caso necess\u00e1rio, por no m\u00e1ximo 24h. Outro grave problema que impede o pleno funcionamento \u00e9 a falta de uma subesta\u00e7\u00e3o de energia, com um transformador exclusivo para o hospital, para que o maquin\u00e1rio completo e os aparelhos de ar-condicionado possam ser utilizados. O alvar\u00e1 da Vigil\u00e2ncia Sanit\u00e1ria j\u00e1 foi solicitado.<\/p>\n<p style=\"text-align: justify;\">Foi relatado ainda que a unidade recebe um repasse, que n\u00e3o sofre aumento desde 2009, de apenas 115 mil reais, para cobrir folha de pagamento e outros gastos, e que ainda chega com atraso: o dinheiro referente a abril s\u00f3 foi entregue em julho. Por isso, por exemplo, apesar do novo equipamento de Raio X j\u00e1 estar no hospital, n\u00e3o pode funcionar, pois falta verba para a contrata\u00e7\u00e3o dos seis t\u00e9cnicos necess\u00e1rios.<\/p>\n<p style=\"text-align: justify;\">Entretanto, o Laborat\u00f3rio j\u00e1 atende \u00e0 popula\u00e7\u00e3o e o hospital j\u00e1 conta com os equipamentos de emerg\u00eancia, como desfibrilador, ventilador e tubos de oxig\u00eanio. Outro ponto positivo observado \u00e9 que o lixo n\u00e3o circula mais dentro do hospital, como acontecia na estrutura provis\u00f3ria, agora, os dejeto s\u00e3o colocados e retirados pela lateral do pr\u00e9dio. O Nosso Senhor dos Passos recebe cerca de dois mil pacientes e realiza aproximadamente tr\u00eas mil exames por m\u00eas. Segundo Manoel Messias, a previs\u00e3o dada pela Secretaria Estadual de Sa\u00fade para que o hospital funcione plenamente \u00e9 o segundo semestre deste ano.<\/p>\n<p style=\"text-align: justify;\">Participaram da visita Maria Gra\u00e7a Spencer e Daise Montargil, membros da Coordenadoria, que agora v\u00e3o produzir um relat\u00f3rio com tudo o que foi observado.<\/p>\n<p style=\"text-align: justify;\">\u201cCom rela\u00e7\u00e3o \u00e0 \u00faltima visita, houve uma melhora consider\u00e1vel em termos de atendimento ao paciente. Mas com rela\u00e7\u00e3o \u00e0 extens\u00e3o do atendimento prestado, n\u00e3o houve melhora, o mesmo tipo de servi\u00e7o continua sendo prestado no novo pr\u00e9dio. A urg\u00eancia est\u00e1 com atendimento b\u00e1sico, muitos pacientes ainda s\u00e3o enviados \u00e0 capital. O ambiente agora \u00e9 \u00f3timo, perfeito, por\u00e9m est\u00e1 subaproveitado\u201d, disse Montargil.<\/p>\n<p style=\"text-align: justify;\"><em><strong>\u00a0Da Assessoria \u00a0de Comunica\u00e7\u00e3o OAB\/SE<\/strong><\/em><\/p>\n","protected":false},"excerpt":{"rendered":"<p>O gerente relatou que atualmente a unidade conta com cerca de 60 funcion\u00e1rios, tendo sempre um m\u00e9dico \u00e0 disposi\u00e7\u00e3o. Como o hospital ainda n\u00e3o pode realizar interna\u00e7\u00f5es, os pacientes podem ficar em observa\u00e7\u00e3o, caso necess\u00e1rio, por no m\u00e1ximo 24h. Outro grave problema que impede o pleno funcionamento \u00e9 a falta de uma subesta\u00e7\u00e3o de energia, [&hellip;]<\/p>\n","protected":false},"author":1,"featured_media":44810,"comment_status":"closed","ping_status":"closed","sticky":false,"template":"","format":"standard","meta":{"footnotes":""},"categories":[38],"tags":[],"class_list":{"0":"post-50388","1":"post","2":"type-post","3":"status-publish","4":"format-standard","5":"has-post-thumbnail","7":"category-municipios"},"_links":{"self":[{"href":"https:\/\/senoticias.com.br\/se\/wp-json\/wp\/v2\/posts\/50388"}],"collection":[{"href":"https:\/\/senoticias.com.br\/se\/wp-json\/wp\/v2\/posts"}],"about":[{"href":"https:\/\/senoticias.com.br\/se\/wp-json\/wp\/v2\/types\/post"}],"author":[{"embeddable":true,"href":"https:\/\/senoticias.com.br\/se\/wp-json\/wp\/v2\/users\/1"}],"replies":[{"embeddable":true,"href":"https:\/\/senoticias.com.br\/se\/wp-json\/wp\/v2\/comments?post=50388"}],"version-history":[{"count":0,"href":"https:\/\/senoticias.com.br\/se\/wp-json\/wp\/v2\/posts\/50388\/revisions"}],"wp:featuredmedia":[{"embeddable":true,"href":"https:\/\/senoticias.com.br\/se\/wp-json\/wp\/v2\/media\/44810"}],"wp:attachment":[{"href":"https:\/\/senoticias.com.br\/se\/wp-json\/wp\/v2\/media?parent=50388"}],"wp:term":[{"taxonomy":"category","embeddable":true,"href":"https:\/\/senoticias.com.br\/se\/wp-json\/wp\/v2\/categories?post=50388"},{"taxonomy":"post_tag","embeddable":true,"href":"https:\/\/senoticias.com.br\/se\/wp-json\/wp\/v2\/tags?post=50388"}],"curies":[{"name":"wp","href":"https:\/\/api.w.org\/{rel}","templated":true}]}}