{"id":50385,"date":"2013-07-13T10:14:57","date_gmt":"2013-07-13T13:14:57","guid":{"rendered":"http:\/\/senoticias.com.br\/se\/?p=50385"},"modified":"2013-07-13T10:18:05","modified_gmt":"2013-07-13T13:18:05","slug":"mundial-escolar-e-confirmado-em-aracaju","status":"publish","type":"post","link":"https:\/\/senoticias.com.br\/se\/mundial-escolar-e-confirmado-em-aracaju\/","title":{"rendered":"Mundial Escolar \u00e9  confirmado em Aracaju"},"content":{"rendered":"<div id=\"attachment_50386\" style=\"width: 310px\" class=\"wp-caption alignright\"><a href=\"http:\/\/senoticias.com.br\/se\/wp-content\/uploads\/2013\/07\/4.jpg\"><img loading=\"lazy\" decoding=\"async\" aria-describedby=\"caption-attachment-50386\" class=\"size-medium wp-image-50386\" alt=\"Prefeito falou sobre os investimentos que a Prefeitura vem fazendo no esporte de Aracaju.(Foto: Ana L\u00edcia Menezes)\" src=\"http:\/\/senoticias.com.br\/se\/wp-content\/uploads\/2013\/07\/4-300x200.jpg\" width=\"300\" height=\"200\" srcset=\"https:\/\/senoticias.com.br\/se\/wp-content\/uploads\/2013\/07\/4-300x200.jpg 300w, https:\/\/senoticias.com.br\/se\/wp-content\/uploads\/2013\/07\/4-342x228.jpg 342w, https:\/\/senoticias.com.br\/se\/wp-content\/uploads\/2013\/07\/4.jpg 600w\" sizes=\"(max-width: 300px) 100vw, 300px\" \/><\/a><p id=\"caption-attachment-50386\" class=\"wp-caption-text\">Prefeito falou sobre os investimentos que a Prefeitura vem fazendo no esporte de Aracaju.(Foto: Ana L\u00edcia Menezes)<\/p><\/div>\n<p style=\"text-align: justify;\">Aracaju sediar\u00e1 o Campeonato Mundial Escolar de V\u00f4lei Estudantil em 2015 e para formalizar o in\u00edcio da organiza\u00e7\u00e3o, o prefeito de Aracaju, Jo\u00e3o Alves Filho, assinou hoje, dia 12, no Centro Administrativo Prefeito Alo\u00edsio Campos, o termo de compromisso com o presidente da International School Sport Federation &#8211; ISF (Federa\u00e7\u00e3o Internacional de Esporte Escolar) Andrea Delpin. Na ocasi\u00e3o, foi entregue \u00e0 Prefeitura de Aracaju o caderno de encargos, com os requisitos necess\u00e1rios para a realiza\u00e7\u00e3o do evento.<\/p>\n<p style=\"text-align: justify;\">Para o prefeito, os benef\u00edcios que o esporte leva as jovens v\u00e3o al\u00e9m da quest\u00e3o f\u00edsica. &#8220;Hoje o esporte tem um papel importante na forma\u00e7\u00e3o do jovem. Ele os afasta das drogas, que considero ser a peste dos tempos modernos&#8221;, disse o prefeito, destacando a grande import\u00e2ncia de Aracaju sediar um evento internacional com mais de 30 pa\u00edses participantes.<\/p>\n<p style=\"text-align: justify;\">&#8220;Essa foi a melhor not\u00edcia que tivemos em rela\u00e7\u00e3o ao esporte durante minha vida p\u00fablica. Nossa vit\u00f3ria durante o campeonato na Manfred\u00f4nia (It\u00e1lia) foi extraordin\u00e1ria, onde disputamos com pa\u00edses fort\u00edssimos. Mas a estrutura esportiva que Aracaju possui e que implantamos paulatinamente, principalmente na Orla, nos possibilitou trazer para a nossa cidade o campeonato Mundial de V\u00f4lei de Praia Internacional&#8221;.<\/p>\n<p style=\"text-align: justify;\">&#8220;Hoje conversamos com o ministro do Esporte, Aldo Rebelo, e apresentamos a ele a ideia de construir uma arena multiuso, que ser\u00e1 implantada na &#8220;orlinha&#8221; de Aracaju. A grande novidade dessa arena \u00e9 a possibilidade de trocarmos o piso em pouqu\u00edssimo tempo, possibilitando abrigar v\u00e1rias modalidades esportivas. O ministro ficou bastante empolgado com a nossa ideia e disse que vai conversar pessoalmente com a presidenta para que possamos fazer essa obra espetacular&#8221;, concluiu o prefeito, garantindo que independente do investimento da Uni\u00e3o, construir\u00e1 a arena.<\/p>\n<p style=\"text-align: justify;\">A entrega do caderno de encargos marcou o in\u00edcio dos preparativos para o evento, que promete alavancar o cen\u00e1rio de turismo de esporte em Aracaju. &#8220;A realiza\u00e7\u00e3o do Mundial \u00e9 uma conquista de todos n\u00f3s. Tem um significado enorme por que coloca a nossa capital como vitrine para os pr\u00f3ximos grandes eventos esportivos. A partir de hoje come\u00e7aremos a trabalhar a todo vapor&#8221;, afirma Carlos Eloy, Secret\u00e1rio da Juventude e do Esporte.<\/p>\n<p style=\"text-align: justify;\">Entusiasmado com os benef\u00edcios que o evento esportivo internacional pode trazer a Aracaju, Jo\u00e3o Alves j\u00e1 planeja novas empreitada para a capital sergipana, transformando-a na capital brasileira do turismo esportivo. O prefeito e o secret\u00e1rio da Ind\u00fastria, Com\u00e9rcio e Turismo, Walker Carvalho, destacaram a capacidade de supera\u00e7\u00e3o da Manfred\u00f4nia. &#8220;Ap\u00f3s uma crise industrial, a Manfred\u00f4nia conseguiu transformar a cidade num centro do turismo esportivo. A cidade come\u00e7ou a crescer e semanalmente abriga milhares de atletas nos eventos esportivos&#8221;, enfatizou Walker.<\/p>\n<p style=\"text-align: justify;\">Elogiando a postura de Jo\u00e3o Alves e parabenizando o prefeito pelo pioneirismo, o italiano Andrea Delpin, disse que h\u00e1 mais de 20 anos convive com outros gestores de diversos pa\u00edses, mas nunca teve a oportunidade de conhecer um homem como o prefeito de Aracaju. &#8220;Ele sempre est\u00e1 de bom humor e \u00e9 a pessoa certa para receber um evento da ISF. Tenho certeza que Aracaju realizar\u00e1 um excelente evento, porque o n\u00edvel do voleibol brasileiro \u00e9 muito bom e a presen\u00e7a do prefeito em Manfred\u00f4nia, durante o campeonato mundial de v\u00f4lei de praia foi muito importante para acreditarmos nisso&#8221;.<\/p>\n<p style=\"text-align: justify;\">Para Ant\u00f4nio Hora, Presidente da Confedera\u00e7\u00e3o Brasileira de Desporto Escolar (CBDE), a ocasi\u00e3o \u00e9 uma boa oportunidade para incentivar a interatividade entre atletas de origens diferentes. &#8220;O esporte escolar amplia as condi\u00e7\u00f5es de desenvolvimento, n\u00e3o s\u00f3 no pr\u00f3prio esporte como no interc\u00e2mbio cultural que existe nesse tipo de competi\u00e7\u00e3o. Jovens de diversos continentes e a comunidade local se envolvem num mesmo ambiente, onde todos ganham&#8221;, diz.<\/p>\n<p style=\"text-align: justify;\">E quem tem no\u00e7\u00e3o da import\u00e2ncia de uma competi\u00e7\u00e3o como essa \u00e9 Ana Carolina de Almeida, a Carol. A atleta, que conquistou medalha de ouro no \u00faltimo mundial realizado, que aconteceu este ano na Manfred\u00f4nia, na It\u00e1lia, se orgulha de receber um torneio deste porte em sua cidade natal. &#8220;A prepara\u00e7\u00e3o j\u00e1 come\u00e7ou. Estou treinando para defender meu estado dentro da minha pr\u00f3pria casa. \u00c9 uma grande responsabilidade, afinal, jogaremos com o apoio da torcida e da Prefeitura&#8221;, fala.<\/p>\n<p style=\"text-align: justify;\"><strong>Ag\u00eancia Aracaju de Not\u00edcias<\/strong><\/p>\n","protected":false},"excerpt":{"rendered":"<p>Aracaju sediar\u00e1 o Campeonato Mundial Escolar de V\u00f4lei Estudantil em 2015 e para formalizar o in\u00edcio da organiza\u00e7\u00e3o, o prefeito de Aracaju, Jo\u00e3o Alves Filho, assinou hoje, dia 12, no Centro Administrativo Prefeito Alo\u00edsio Campos, o termo de compromisso com o presidente da International School Sport Federation &#8211; ISF (Federa\u00e7\u00e3o Internacional de Esporte Escolar) Andrea [&hellip;]<\/p>\n","protected":false},"author":1,"featured_media":50389,"comment_status":"closed","ping_status":"closed","sticky":false,"template":"","format":"standard","meta":{"footnotes":""},"categories":[6],"tags":[],"class_list":{"0":"post-50385","1":"post","2":"type-post","3":"status-publish","4":"format-standard","5":"has-post-thumbnail","7":"category-politica"},"_links":{"self":[{"href":"https:\/\/senoticias.com.br\/se\/wp-json\/wp\/v2\/posts\/50385"}],"collection":[{"href":"https:\/\/senoticias.com.br\/se\/wp-json\/wp\/v2\/posts"}],"about":[{"href":"https:\/\/senoticias.com.br\/se\/wp-json\/wp\/v2\/types\/post"}],"author":[{"embeddable":true,"href":"https:\/\/senoticias.com.br\/se\/wp-json\/wp\/v2\/users\/1"}],"replies":[{"embeddable":true,"href":"https:\/\/senoticias.com.br\/se\/wp-json\/wp\/v2\/comments?post=50385"}],"version-history":[{"count":0,"href":"https:\/\/senoticias.com.br\/se\/wp-json\/wp\/v2\/posts\/50385\/revisions"}],"wp:featuredmedia":[{"embeddable":true,"href":"https:\/\/senoticias.com.br\/se\/wp-json\/wp\/v2\/media\/50389"}],"wp:attachment":[{"href":"https:\/\/senoticias.com.br\/se\/wp-json\/wp\/v2\/media?parent=50385"}],"wp:term":[{"taxonomy":"category","embeddable":true,"href":"https:\/\/senoticias.com.br\/se\/wp-json\/wp\/v2\/categories?post=50385"},{"taxonomy":"post_tag","embeddable":true,"href":"https:\/\/senoticias.com.br\/se\/wp-json\/wp\/v2\/tags?post=50385"}],"curies":[{"name":"wp","href":"https:\/\/api.w.org\/{rel}","templated":true}]}}