{"id":50383,"date":"2013-07-13T06:21:10","date_gmt":"2013-07-13T09:21:10","guid":{"rendered":"http:\/\/senoticias.com.br\/se\/?p=50383"},"modified":"2013-07-13T21:13:51","modified_gmt":"2013-07-14T00:13:51","slug":"prefeitura-de-aracaju-prorrogada-inscricoes-para-o-processo-seletivo-da-saude","status":"publish","type":"post","link":"https:\/\/senoticias.com.br\/se\/prefeitura-de-aracaju-prorrogada-inscricoes-para-o-processo-seletivo-da-saude\/","title":{"rendered":"Prefeitura de Aracaju prorrogada inscri\u00e7\u00f5es para o Processo Seletivo da Sa\u00fade"},"content":{"rendered":"<p>&nbsp;<\/p>\n<div id=\"attachment_50384\" style=\"width: 310px\" class=\"wp-caption alignright\"><a href=\"http:\/\/senoticias.com.br\/se\/wp-content\/uploads\/2013\/07\/inrcricao_concurso___ana_licia_menezes_3.jpg\"><img loading=\"lazy\" decoding=\"async\" aria-describedby=\"caption-attachment-50384\" class=\"size-medium wp-image-50384\" alt=\" Prorrogadas as inscri\u00e7\u00f5es para o Processo Seletivo da Sa\u00fade.(Foto: Ana L\u00edcia Menezes)\" src=\"http:\/\/senoticias.com.br\/se\/wp-content\/uploads\/2013\/07\/inrcricao_concurso___ana_licia_menezes_3-300x200.jpg\" width=\"300\" height=\"200\" srcset=\"https:\/\/senoticias.com.br\/se\/wp-content\/uploads\/2013\/07\/inrcricao_concurso___ana_licia_menezes_3-300x200.jpg 300w, https:\/\/senoticias.com.br\/se\/wp-content\/uploads\/2013\/07\/inrcricao_concurso___ana_licia_menezes_3-342x228.jpg 342w, https:\/\/senoticias.com.br\/se\/wp-content\/uploads\/2013\/07\/inrcricao_concurso___ana_licia_menezes_3.jpg 500w\" sizes=\"(max-width: 300px) 100vw, 300px\" \/><\/a><p id=\"caption-attachment-50384\" class=\"wp-caption-text\"><br \/>Prorrogadas as inscri\u00e7\u00f5es para o Processo Seletivo da Sa\u00fade.(Foto: Ana L\u00edcia Menezes)<\/p><\/div>\n<p style=\"text-align: justify;\">As inscri\u00e7\u00f5es para o Processo Seletivo Simplificado na \u00e1rea da Sa\u00fade foram prorrogadas at\u00e9 a pr\u00f3xima segunda-feira, 15. Os interessados em preencher uma das 111 vagas em aberto devem se dirigir at\u00e9 a Central de Atendimento, localizada no Centro Administrativo Prefeito Alo\u00edsio Campos. A sele\u00e7\u00e3o ser\u00e1 feita por meio de an\u00e1lise curricular e de t\u00edtulos. Confira o edital de prorroga\u00e7\u00e3o .<\/p>\n<p style=\"text-align: justify;\">O Processo Seletivo Simplificado SMS oferece vagas para os cargos de Auxiliar de Enfermagem, T\u00e9cnico de Enfermagem Urg\u00eancia\/Emerg\u00eancia, Farmac\u00eautico Bioqu\u00edmico, Farmac\u00eautico, Fisioterapeuta, Fonoaudi\u00f3logo, Nutricionista, Enfermeiro Ambulat\u00f3rio, Enfermeiro Urg\u00eancia\/Emerg\u00eancia, Assistente Social, M\u00e9dico Estrat\u00e9gia de Sa\u00fade da Fam\u00edlia, M\u00e9dico Ortopedista, M\u00e9dico Emergencista Cirurgi\u00e3o Geral, M\u00e9dico Emergencista Infantil, M\u00e9dico Emergencista Ortopedista e M\u00e9dico Emergencista Cl\u00ednico Geral; para o Sistema Municipal de Sa\u00fade de Aracaju\/Rede de Aten\u00e7\u00e3o Psicossocial, nos cargos: T\u00e9cnico de Enfermagem Urg\u00eancia\/Emerg\u00eancia, Assistente Social, Enfermeiro Urg\u00eancia\/Emerg\u00eancia, M\u00e9dico Cl\u00ednico, M\u00e9dico Psiquiatra Urg\u00eancia\/Emerg\u00eancia, M\u00e9dico Psiquiatra ou com forma\u00e7\u00e3o em Sa\u00fade Mental\/Psiquiatria, Psic\u00f3logo e Terapeuta Ocupacional.<\/p>\n<p style=\"text-align: justify;\"><em><strong>Ag\u00eancia Aracaju de Not\u00edcias<\/strong><\/em><\/p>\n","protected":false},"excerpt":{"rendered":"<p>&nbsp; As inscri\u00e7\u00f5es para o Processo Seletivo Simplificado na \u00e1rea da Sa\u00fade foram prorrogadas at\u00e9 a pr\u00f3xima segunda-feira, 15. Os interessados em preencher uma das 111 vagas em aberto devem se dirigir at\u00e9 a Central de Atendimento, localizada no Centro Administrativo Prefeito Alo\u00edsio Campos. A sele\u00e7\u00e3o ser\u00e1 feita por meio de an\u00e1lise curricular e de [&hellip;]<\/p>\n","protected":false},"author":1,"featured_media":50384,"comment_status":"closed","ping_status":"closed","sticky":false,"template":"","format":"standard","meta":{"footnotes":""},"categories":[9,6,1],"tags":[],"class_list":{"0":"post-50383","1":"post","2":"type-post","3":"status-publish","4":"format-standard","5":"has-post-thumbnail","7":"category-concursos","8":"category-politica","9":"category-sem-categoria"},"_links":{"self":[{"href":"https:\/\/senoticias.com.br\/se\/wp-json\/wp\/v2\/posts\/50383"}],"collection":[{"href":"https:\/\/senoticias.com.br\/se\/wp-json\/wp\/v2\/posts"}],"about":[{"href":"https:\/\/senoticias.com.br\/se\/wp-json\/wp\/v2\/types\/post"}],"author":[{"embeddable":true,"href":"https:\/\/senoticias.com.br\/se\/wp-json\/wp\/v2\/users\/1"}],"replies":[{"embeddable":true,"href":"https:\/\/senoticias.com.br\/se\/wp-json\/wp\/v2\/comments?post=50383"}],"version-history":[{"count":0,"href":"https:\/\/senoticias.com.br\/se\/wp-json\/wp\/v2\/posts\/50383\/revisions"}],"wp:featuredmedia":[{"embeddable":true,"href":"https:\/\/senoticias.com.br\/se\/wp-json\/wp\/v2\/media\/50384"}],"wp:attachment":[{"href":"https:\/\/senoticias.com.br\/se\/wp-json\/wp\/v2\/media?parent=50383"}],"wp:term":[{"taxonomy":"category","embeddable":true,"href":"https:\/\/senoticias.com.br\/se\/wp-json\/wp\/v2\/categories?post=50383"},{"taxonomy":"post_tag","embeddable":true,"href":"https:\/\/senoticias.com.br\/se\/wp-json\/wp\/v2\/tags?post=50383"}],"curies":[{"name":"wp","href":"https:\/\/api.w.org\/{rel}","templated":true}]}}