{"id":50378,"date":"2013-07-12T19:16:20","date_gmt":"2013-07-12T22:16:20","guid":{"rendered":"http:\/\/senoticias.com.br\/se\/?p=50378"},"modified":"2013-07-14T23:23:04","modified_gmt":"2013-07-15T02:23:04","slug":"final-de-semana-sera-de-ressaca-de-mare","status":"publish","type":"post","link":"https:\/\/senoticias.com.br\/se\/final-de-semana-sera-de-ressaca-de-mare\/","title":{"rendered":"Final de semana ser\u00e1 de ressaca de mar\u00e9"},"content":{"rendered":"<div id=\"attachment_50380\" style=\"width: 233px\" class=\"wp-caption alignright\"><a href=\"http:\/\/senoticias.com.br\/se\/wp-content\/uploads\/2013\/07\/images1.jpg\"><img loading=\"lazy\" decoding=\"async\" aria-describedby=\"caption-attachment-50380\" class=\"size-full wp-image-50380\" alt=\"Final de semana ser\u00e1 de ressaca de mar\u00e9. (Foto: Ilustrativa)\" src=\"http:\/\/senoticias.com.br\/se\/wp-content\/uploads\/2013\/07\/images1.jpg\" width=\"223\" height=\"226\" srcset=\"https:\/\/senoticias.com.br\/se\/wp-content\/uploads\/2013\/07\/images1.jpg 223w, https:\/\/senoticias.com.br\/se\/wp-content\/uploads\/2013\/07\/images1-50x50.jpg 50w, https:\/\/senoticias.com.br\/se\/wp-content\/uploads\/2013\/07\/images1-70x70.jpg 70w, https:\/\/senoticias.com.br\/se\/wp-content\/uploads\/2013\/07\/images1-55x55.jpg 55w\" sizes=\"(max-width: 223px) 100vw, 223px\" \/><\/a><p id=\"caption-attachment-50380\" class=\"wp-caption-text\">Final de semana ser\u00e1 de ressaca de mar\u00e9. (Foto: Ilustrativa)<\/p><\/div>\n<p style=\"text-align: justify;\">Devido a forma\u00e7\u00e3o de ondas de Sudeste em torno de 2,5m at\u00e9 o pr\u00f3ximo domingo, dia 14, haver\u00e1 alto risco de ressaca e agita\u00e7\u00e3o mar\u00edtima em Sergipe. Os ventos moderados de Sudeste ter\u00e3o intensidade de at\u00e9 8 m\/s. AS informa\u00e7\u00f5es s\u00e3o do monitoramento da Sala de Situa\u00e7\u00e3o da Secretaria de Estado do Meio Ambiente e dos Recursos H\u00eddricos (Semarh).<\/p>\n<p style=\"text-align: justify;\">Ao longo desta sexta-feira (12) a previs\u00e3o do tempo para Sergipe \u00e9 de parcialmente nublado com aberturas de sol at\u00e9 ao entardecer. Em alguns pontos isolados, devido aos escoamentos de instabilidades de Leste, ocorre a possibilidade de chuva leve a moderada, e por vezes forte, ao longo de toda a noite.<\/p>\n<p style=\"text-align: justify;\">Segundo a meteorologista da Semarh, Aline Oliveira, a condi\u00e7\u00e3o meteorol\u00f3gica de pluviosidade que variar\u00e1 entre leve \u00e0 moderada, e por vezes forte, ir\u00e1 ocorrer em todo Estado, principalmente no Litoral, prossegue na madrugada do s\u00e1bado, dia 13, e se estendendo at\u00e9 domingo (14).<\/p>\n<p style=\"text-align: justify;\">De acordo com Aline, a intensidade e a localiza\u00e7\u00e3o precisa das chuvas poderiam ser previstas apenas com algumas horas de anteced\u00eancia mediante a utiliza\u00e7\u00e3o de radares meteorol\u00f3gicos.<\/p>\n<p style=\"text-align: justify;\"><strong>Temperatura<\/strong><\/p>\n<p style=\"text-align: justify;\">As temperaturas est\u00e3o amenas, variando nas regi\u00f5es do Litoral, Agreste e Sert\u00e3o. No litoral, a m\u00e1xima \u00e9 de 29\u00baC e a m\u00ednima de 19\u00baC. J\u00e1 no Agreste a temperatura m\u00e1xima prevista \u00e9 de 28\u00baC e a m\u00ednima de 18\u00baC; a regi\u00e3o do Sert\u00e3o atingir\u00e1 a m\u00e1xima de 28\u00b0C e a temperatura m\u00ednima de 18\u00baC.<\/p>\n<p style=\"text-align: justify;\">A previs\u00e3o do tempo di\u00e1ria para todos os munic\u00edpios de Sergipe: simese.se.gov.br<\/p>\n<p style=\"text-align: justify;\"><em><strong>Da Ascom\/Semarh<\/strong><\/em><\/p>\n","protected":false},"excerpt":{"rendered":"<p>Devido a forma\u00e7\u00e3o de ondas de Sudeste em torno de 2,5m at\u00e9 o pr\u00f3ximo domingo, dia 14, haver\u00e1 alto risco de ressaca e agita\u00e7\u00e3o mar\u00edtima em Sergipe. Os ventos moderados de Sudeste ter\u00e3o intensidade de at\u00e9 8 m\/s. AS informa\u00e7\u00f5es s\u00e3o do monitoramento da Sala de Situa\u00e7\u00e3o da Secretaria de Estado do Meio Ambiente e [&hellip;]<\/p>\n","protected":false},"author":3,"featured_media":50380,"comment_status":"closed","ping_status":"closed","sticky":false,"template":"","format":"standard","meta":{"footnotes":""},"categories":[310],"tags":[],"class_list":{"0":"post-50378","1":"post","2":"type-post","3":"status-publish","4":"format-standard","5":"has-post-thumbnail","7":"category-destaques-da-semana"},"_links":{"self":[{"href":"https:\/\/senoticias.com.br\/se\/wp-json\/wp\/v2\/posts\/50378"}],"collection":[{"href":"https:\/\/senoticias.com.br\/se\/wp-json\/wp\/v2\/posts"}],"about":[{"href":"https:\/\/senoticias.com.br\/se\/wp-json\/wp\/v2\/types\/post"}],"author":[{"embeddable":true,"href":"https:\/\/senoticias.com.br\/se\/wp-json\/wp\/v2\/users\/3"}],"replies":[{"embeddable":true,"href":"https:\/\/senoticias.com.br\/se\/wp-json\/wp\/v2\/comments?post=50378"}],"version-history":[{"count":0,"href":"https:\/\/senoticias.com.br\/se\/wp-json\/wp\/v2\/posts\/50378\/revisions"}],"wp:featuredmedia":[{"embeddable":true,"href":"https:\/\/senoticias.com.br\/se\/wp-json\/wp\/v2\/media\/50380"}],"wp:attachment":[{"href":"https:\/\/senoticias.com.br\/se\/wp-json\/wp\/v2\/media?parent=50378"}],"wp:term":[{"taxonomy":"category","embeddable":true,"href":"https:\/\/senoticias.com.br\/se\/wp-json\/wp\/v2\/categories?post=50378"},{"taxonomy":"post_tag","embeddable":true,"href":"https:\/\/senoticias.com.br\/se\/wp-json\/wp\/v2\/tags?post=50378"}],"curies":[{"name":"wp","href":"https:\/\/api.w.org\/{rel}","templated":true}]}}