{"id":50375,"date":"2013-07-12T18:56:29","date_gmt":"2013-07-12T21:56:29","guid":{"rendered":"http:\/\/senoticias.com.br\/se\/?p=50375"},"modified":"2013-07-12T19:00:54","modified_gmt":"2013-07-12T22:00:54","slug":"prefeitura-de-rosario-envia-nota-de-esclarecimento-sobre-compra-de-moveis","status":"publish","type":"post","link":"https:\/\/senoticias.com.br\/se\/prefeitura-de-rosario-envia-nota-de-esclarecimento-sobre-compra-de-moveis\/","title":{"rendered":"Prefeitura de Ros\u00e1rio envia nota justificando compra de m\u00f3veis"},"content":{"rendered":"<p>&nbsp;<\/p>\n<div id=\"attachment_50376\" style=\"width: 310px\" class=\"wp-caption alignright\"><a href=\"http:\/\/senoticias.com.br\/se\/wp-content\/uploads\/2013\/07\/grande-LaercioPassos_prefeitoRos\u00e1rioCatete.jpg\"><img loading=\"lazy\" decoding=\"async\" aria-describedby=\"caption-attachment-50376\" class=\"size-medium wp-image-50376\" alt=\"Prefeito de Ros\u00e1rio do Catete, La\u00e9rcio Passos. (Divulga\u00e7\u00e3o)\" src=\"http:\/\/senoticias.com.br\/se\/wp-content\/uploads\/2013\/07\/grande-LaercioPassos_prefeitoRos\u00e1rioCatete-300x199.jpg\" width=\"300\" height=\"199\" srcset=\"https:\/\/senoticias.com.br\/se\/wp-content\/uploads\/2013\/07\/grande-LaercioPassos_prefeitoRos\u00e1rioCatete-300x199.jpg 300w, https:\/\/senoticias.com.br\/se\/wp-content\/uploads\/2013\/07\/grande-LaercioPassos_prefeitoRos\u00e1rioCatete-342x227.jpg 342w, https:\/\/senoticias.com.br\/se\/wp-content\/uploads\/2013\/07\/grande-LaercioPassos_prefeitoRos\u00e1rioCatete.jpg 500w\" sizes=\"(max-width: 300px) 100vw, 300px\" \/><\/a><p id=\"caption-attachment-50376\" class=\"wp-caption-text\">Prefeito de Ros\u00e1rio do Catete, La\u00e9rcio Passos. (Divulga\u00e7\u00e3o)<\/p><\/div>\n<p style=\"text-align: justify;\">Foi publicado no \u00faltimo dia 11, o 2\u00ba aviso de licita\u00e7\u00e3o do Preg\u00e3o Presencial 031\/2013 onde o objeto \u00e9 aquisi\u00e7\u00e3o de mob\u00edlia para o Gabinete do Prefeito. Essa aquisi\u00e7\u00e3o visa um melhor atendimento \u00e0 popula\u00e7\u00e3o de Ros\u00e1rio do Catete que vai at\u00e9 o Gabinete fazer suas solicita\u00e7\u00f5es. O chefe do executivo n\u00e3o mede esfor\u00e7os para atender a todos e quer oferecer um ambiente confort\u00e1vel e agrad\u00e1vel e entende que a participa\u00e7\u00e3o dos rosarenses \u00e9 de grande relev\u00e2ncia para o crescimento da cidade. A presta\u00e7\u00e3o de atendimento ao p\u00fablico \u00e9 um dos compromissos que o prefeito vem realizando com vigor e assiduamente. A mob\u00edlia ser\u00e1 adquirida n\u00e3o para benef\u00edcio pr\u00f3prio do Prefeito La\u00e9rcio Passos, mas para todos que ali frequentam.<\/p>\n<p style=\"text-align: justify;\">O Prefeito sabe das necessidades do munic\u00edpio e est\u00e1 trabalhando para deixar a cidade cada vez melhor. Todos sabem que a cidade estava em total abandono e em seis meses Ros\u00e1rio do Catete j\u00e1 \u00e9 outra. Grandes atividades est\u00e3o sendo realizadas no munic\u00edpio, como \u00e9 o caso da constru\u00e7\u00e3o do cal\u00e7ad\u00e3o, reforma do mercado, retomada das obras de constru\u00e7\u00e3o do gin\u00e1sio esportivo, pavimenta\u00e7\u00e3o asf\u00e1ltica de dezesseis ruas da cidade, conclus\u00e3o da reforma e amplia\u00e7\u00e3o do hospital, dentre outras. Al\u00e9m disso, o sal\u00e1rio dos servidores \u00e9 pago em dia e o piso dos professores \u00e9 respeitado. Esse desempenho \u00e9 resultado do foco e do comprometimento com o progresso do munic\u00edpio em prol do benef\u00edcio da popula\u00e7\u00e3o rosarense.<\/p>\n<p style=\"text-align: justify;\">Portanto, diante dos verdadeiros fatos expostos que envolvem o preg\u00e3o, o munic\u00edpio de Ros\u00e1rio do Catete preza pelo atendimento aos princ\u00edpios da Administra\u00e7\u00e3o P\u00fablica, agindo com transpar\u00eancia e, acima de tudo, com legalidade na gest\u00e3o da coisa p\u00fablica.<\/p>\n<p style=\"text-align: justify;\">Atenciosamente,<\/p>\n<p style=\"text-align: justify;\">Katiuscia Garcia<\/p>\n<p style=\"text-align: justify;\">Secret\u00e1ria de Comunica\u00e7\u00e3o da Prefeitura de Ros\u00e1rio do Catete<\/p>\n","protected":false},"excerpt":{"rendered":"<p>&nbsp; Foi publicado no \u00faltimo dia 11, o 2\u00ba aviso de licita\u00e7\u00e3o do Preg\u00e3o Presencial 031\/2013 onde o objeto \u00e9 aquisi\u00e7\u00e3o de mob\u00edlia para o Gabinete do Prefeito. Essa aquisi\u00e7\u00e3o visa um melhor atendimento \u00e0 popula\u00e7\u00e3o de Ros\u00e1rio do Catete que vai at\u00e9 o Gabinete fazer suas solicita\u00e7\u00f5es. O chefe do executivo n\u00e3o mede esfor\u00e7os [&hellip;]<\/p>\n","protected":false},"author":1,"featured_media":50376,"comment_status":"closed","ping_status":"closed","sticky":false,"template":"","format":"standard","meta":{"footnotes":""},"categories":[6],"tags":[],"class_list":{"0":"post-50375","1":"post","2":"type-post","3":"status-publish","4":"format-standard","5":"has-post-thumbnail","7":"category-politica"},"_links":{"self":[{"href":"https:\/\/senoticias.com.br\/se\/wp-json\/wp\/v2\/posts\/50375"}],"collection":[{"href":"https:\/\/senoticias.com.br\/se\/wp-json\/wp\/v2\/posts"}],"about":[{"href":"https:\/\/senoticias.com.br\/se\/wp-json\/wp\/v2\/types\/post"}],"author":[{"embeddable":true,"href":"https:\/\/senoticias.com.br\/se\/wp-json\/wp\/v2\/users\/1"}],"replies":[{"embeddable":true,"href":"https:\/\/senoticias.com.br\/se\/wp-json\/wp\/v2\/comments?post=50375"}],"version-history":[{"count":0,"href":"https:\/\/senoticias.com.br\/se\/wp-json\/wp\/v2\/posts\/50375\/revisions"}],"wp:featuredmedia":[{"embeddable":true,"href":"https:\/\/senoticias.com.br\/se\/wp-json\/wp\/v2\/media\/50376"}],"wp:attachment":[{"href":"https:\/\/senoticias.com.br\/se\/wp-json\/wp\/v2\/media?parent=50375"}],"wp:term":[{"taxonomy":"category","embeddable":true,"href":"https:\/\/senoticias.com.br\/se\/wp-json\/wp\/v2\/categories?post=50375"},{"taxonomy":"post_tag","embeddable":true,"href":"https:\/\/senoticias.com.br\/se\/wp-json\/wp\/v2\/tags?post=50375"}],"curies":[{"name":"wp","href":"https:\/\/api.w.org\/{rel}","templated":true}]}}