{"id":49567,"date":"2013-06-20T07:15:07","date_gmt":"2013-06-20T10:15:07","guid":{"rendered":"http:\/\/senoticias.com.br\/se\/?p=49567"},"modified":"2013-06-20T07:15:07","modified_gmt":"2013-06-20T10:15:07","slug":"aprovacao-do-governo-dilma-cai-de-63-para-55-diz-pesquisa","status":"publish","type":"post","link":"https:\/\/senoticias.com.br\/se\/aprovacao-do-governo-dilma-cai-de-63-para-55-diz-pesquisa\/","title":{"rendered":"Aprova\u00e7\u00e3o do governo Dilma cai de 63% para 55%, diz pesquisa"},"content":{"rendered":"<div id=\"attachment_49568\" style=\"width: 310px\" class=\"wp-caption alignleft\"><a href=\"http:\/\/senoticias.com.br\/se\/wp-content\/uploads\/2013\/06\/portugal_brazil_camoe_rmateria.jpg\"><img loading=\"lazy\" decoding=\"async\" aria-describedby=\"caption-attachment-49568\" class=\"size-full wp-image-49568\" title=\"\" src=\"http:\/\/senoticias.com.br\/se\/wp-content\/uploads\/2013\/06\/portugal_brazil_camoe_rmateria.jpg\" alt=\"\" width=\"300\" height=\"260\" \/><\/a><p id=\"caption-attachment-49568\" class=\"wp-caption-text\">Expectativa em rela\u00e7\u00e3o ao governo Dilma tamb\u00e9m registrou queda (Foto: AP Photo\/Francisco Seco)<\/p><\/div>\n<p style=\"text-align: justify;\">A aprova\u00e7\u00e3o do governo Dilma Rousseff passou de 63% para 55% entre mar\u00e7o e junho, de acordo com pesquisa Ibope encomendada pela Confedera\u00e7\u00e3o Nacional da Ind\u00fastria (CNI). O resultado foi divulgado nesta quarta-feira (19). O percentual de 55% \u00e9 dos entrevistados que consideram o governo \u00f3timo ou bom.<\/p>\n<p style=\"text-align: justify;\">A pesquisa foi realizada entre os dias 8 e 11 deste m\u00eas e foram entrevistadas 2.002 pessoas em 143 munic\u00edpios. A margem de erro \u00e9 de dois pontos percentuais.<\/p>\n<p style=\"text-align: justify;\">O percentual de pessoas que consideram o governo regular subiu de 29% para 32%, e os que consideram o governo ruim ou p\u00e9ssimo cresceu de 7% para 13% \u2013 o que, segundo a CNI, \u00e9 o maior porcentual desde o in\u00edcio do governo.<\/p>\n<p style=\"text-align: justify;\">Caiu tamb\u00e9m a expectativa em rela\u00e7\u00e3o ao restante do governo, passando dos 65% para 55%. Recuou tamb\u00e9m o percentual da popula\u00e7\u00e3o que confia na presidente: de 75% para 67%. Ainda segundo a pesquisa, seis das nove \u00e1reas de atua\u00e7\u00e3o do governo foram desaprovadas pela maioria da popula\u00e7\u00e3o: seguran\u00e7a p\u00fablica (67%), sa\u00fade (66%), impostos (64%), combate \u00e0 infla\u00e7\u00e3o (57%), taxa de juros (54%), e educa\u00e7\u00e3o (51%).<\/p>\n<p style=\"text-align: justify;\">A primeira manifesta\u00e7\u00e3o em S\u00e3o Paulo ocorreu no dia 6 de junho, mas os protestos tomaram for\u00e7a a partir do dia 13, quando houve confronto entre manifestantes e policiais na capital paulista. As vaias \u00e0 presidente, na abertura da Copa das Confedera\u00e7\u00f5es, em Bras\u00edlia, ocorreram no dia 15.<\/p>\n<p style=\"text-align: justify;\">Essa \u00e9 a segunda pesquisa CNII-Ibope deste ano. Na primeira, divulgada em mar\u00e7o, a aprova\u00e7\u00e3o da do governo da presidente Dilma Rousseff havia subido em rela\u00e7\u00e3o ao levantamento de dezembro. Na ocasi\u00e3o, para 63% dos entrevistados o governo de Dilma era \u00f3timo ou bom. A aprova\u00e7\u00e3o pessoal da presidente era de 79%.<\/p>\n<p style=\"text-align: justify;\"><strong>Reda\u00e7\u00e3o \u00c9poca\u00a0<\/strong><\/p>\n","protected":false},"excerpt":{"rendered":"<p>A aprova\u00e7\u00e3o do governo Dilma Rousseff passou de 63% para 55% entre mar\u00e7o e junho, de acordo com pesquisa Ibope encomendada pela Confedera\u00e7\u00e3o Nacional da Ind\u00fastria (CNI). O resultado foi divulgado nesta quarta-feira (19). O percentual de 55% \u00e9 dos entrevistados que consideram o governo \u00f3timo ou bom. A pesquisa foi realizada entre os dias [&hellip;]<\/p>\n","protected":false},"author":1,"featured_media":49568,"comment_status":"closed","ping_status":"closed","sticky":false,"template":"","format":"standard","meta":{"footnotes":""},"categories":[6],"tags":[],"class_list":{"0":"post-49567","1":"post","2":"type-post","3":"status-publish","4":"format-standard","5":"has-post-thumbnail","7":"category-politica"},"_links":{"self":[{"href":"https:\/\/senoticias.com.br\/se\/wp-json\/wp\/v2\/posts\/49567"}],"collection":[{"href":"https:\/\/senoticias.com.br\/se\/wp-json\/wp\/v2\/posts"}],"about":[{"href":"https:\/\/senoticias.com.br\/se\/wp-json\/wp\/v2\/types\/post"}],"author":[{"embeddable":true,"href":"https:\/\/senoticias.com.br\/se\/wp-json\/wp\/v2\/users\/1"}],"replies":[{"embeddable":true,"href":"https:\/\/senoticias.com.br\/se\/wp-json\/wp\/v2\/comments?post=49567"}],"version-history":[{"count":0,"href":"https:\/\/senoticias.com.br\/se\/wp-json\/wp\/v2\/posts\/49567\/revisions"}],"wp:featuredmedia":[{"embeddable":true,"href":"https:\/\/senoticias.com.br\/se\/wp-json\/wp\/v2\/media\/49568"}],"wp:attachment":[{"href":"https:\/\/senoticias.com.br\/se\/wp-json\/wp\/v2\/media?parent=49567"}],"wp:term":[{"taxonomy":"category","embeddable":true,"href":"https:\/\/senoticias.com.br\/se\/wp-json\/wp\/v2\/categories?post=49567"},{"taxonomy":"post_tag","embeddable":true,"href":"https:\/\/senoticias.com.br\/se\/wp-json\/wp\/v2\/tags?post=49567"}],"curies":[{"name":"wp","href":"https:\/\/api.w.org\/{rel}","templated":true}]}}