{"id":49566,"date":"2013-06-20T06:47:34","date_gmt":"2013-06-20T09:47:34","guid":{"rendered":"http:\/\/senoticias.com.br\/se\/?p=49566"},"modified":"2013-06-21T16:14:37","modified_gmt":"2013-06-21T19:14:37","slug":"ufs-gasta-mais-de-r-147-mil-na-compra-de-dois-carros","status":"publish","type":"post","link":"https:\/\/senoticias.com.br\/se\/ufs-gasta-mais-de-r-147-mil-na-compra-de-dois-carros\/","title":{"rendered":"UFS gasta mais de R$ 147 mil na compra de dois carros"},"content":{"rendered":"<p><strong>Por Eliene Andrade, da <a href=\"http:\/\/www.infonet.com.br\/educacao\/ler.asp?id=145704&amp;pagina=1\" target=\"_blank\">Infonet<\/a><\/strong><\/p>\n<div id=\"attachment_18427\" style=\"width: 288px\" class=\"wp-caption alignleft\"><a href=\"http:\/\/senoticias.com.br\/se\/wp-content\/uploads\/2011\/11\/UFS.jpg\"><img loading=\"lazy\" decoding=\"async\" aria-describedby=\"caption-attachment-18427\" class=\"size-full wp-image-18427\" title=\"UFS\" src=\"http:\/\/senoticias.com.br\/se\/wp-content\/uploads\/2011\/11\/UFS.jpg\" alt=\"\" width=\"278\" height=\"181\" \/><\/a><p id=\"caption-attachment-18427\" class=\"wp-caption-text\">Os dois carros s\u00e3o para o Gabinete do Reitor. (Divulga\u00e7\u00e3o)<\/p><\/div>\n<p style=\"text-align: justify;\">Uma den\u00fancia an\u00f4nima aponta a exist\u00eancia de um suposto uso irregular dos recursos p\u00fablicos, pela Universidade Federal de Sergipe (UFS). De acordo com a den\u00fancia, a Ufs abriu edital para a compra de mais 2 carros para o Gabinete do Reitor, embora j\u00e1 existam dois ve\u00edculos exclusivos para o uso do Gabinete. Os novos ve\u00edculos custar\u00e3o R$ 147.460,00 mil aos cofres p\u00fablicos.<\/p>\n<p style=\"text-align: justify;\">A reportagem do Portal Infonet apurou que um edital foi aberto em 01 de abril de 2013. Nele, consta que foi aberto um preg\u00e3o eletr\u00f4nico para a aquisi\u00e7\u00e3o de 02 ve\u00edculos de representa\u00e7\u00e3o, tipo Sedan, que custar\u00e1 R$ 73.730,00, cada, para o atendimento de necessidades ao Gabinete do Reitor, da Universidade Federal de Sergipe (UFS).<\/p>\n<p style=\"text-align: justify;\">No edital, de processo n\u00ba 23113.003724\/2013-66, especifica ainda o tipo e dos ve\u00edculos e os itens que dever\u00e3o conter. Dentre eles est\u00e3o: Ve\u00edculo tipo Sedan, Motor M\u00ednimo: 2.0 L; Pot\u00eancia M\u00ednima: 140 cv; Protetor: Carter do motor; C\u00e2mbio: Autom\u00e1tico de no m\u00ednimo 05 velocidades; Dire\u00e7\u00e3o: Hidr\u00e1ulica ou eletroassistida (el\u00e9trica); Prote\u00e7\u00e3o: Air-bag duplo dianteiro (m\u00ednimo); Coluna de Dire\u00e7\u00e3o: Regul\u00e1vel em altura; Inje\u00e7\u00e3o: Eletr\u00f4nica Multiponto; Som: R\u00e1dio\/CD-Player, alto falante dianteiro\/trazeiro; Roda: Alum\u00ednio aro 16 (m\u00ednimo);Freio: ABS + EDB; Para-choque: Preta; Pneus: Radiais inclusive Step; Farol: Neblina; Vidro: Acionamento el\u00e9trico dianteiros e trazeiros; pel\u00edcula; Retrovisor: Externo el\u00e9trico; Trava: El\u00e9tricas nas portas e porta malas; Banco: Motorista com regulagem de altura; Para-brisas de grade, Ar condicionado, dentre outros.<\/p>\n<p style=\"text-align: justify;\">A Assessoria de Comunica\u00e7\u00e3o da Universidade Federal de Sergipe informa que a licita\u00e7\u00e3o foi conclu\u00edda com o seguinte resultado: ap\u00f3s a an\u00e1lise das propostas apresentadas pelas nove empresas participantes do Preg\u00e3o Eletr\u00f4nico, a UFS adquiriu dois ve\u00edculos tipo Sedan com valor unit\u00e1rio de R$ 60.800,00, contabilizando um total de R$ 121.600,00. Foram levados em considera\u00e7\u00e3o o atendimento das especifica\u00e7\u00f5es t\u00e9cnicas constantes no Edital de Licita\u00e7\u00e3o e o menor pre\u00e7o.<\/p>\n<p style=\"text-align: justify;\">E explica que ps novos carros adquiridos atender\u00e3o \u00e0s necessidades do Gabinete do Reitor, o que inclui a locomo\u00e7\u00e3o dos dirigentes desta institui\u00e7\u00e3o para o cumprimento de suas atribui\u00e7\u00f5es nos campi da UFS localizados no interior do Estado, como os de Lagarto, Itabaiana e Laranjeiras.<\/p>\n<p style=\"text-align: justify;\">Em nota ao Portal Infonet, a UFS acrescenta tamb\u00e9m que atualmente a UFS disp\u00f5e de dois carros de representa\u00e7\u00e3o institucional ano 2008 e 2009, ou seja, ambos com mais de quatro anos de uso. Ap\u00f3s a chegada dos novos carros adquiridos, um dos antigos ser\u00e1 destinado ao uso do Museu de Arqueologia de Xing\u00f3 (MAX), o outro ser\u00e1 destinado ao atendimento de demanda j\u00e1 registrada por outros setores administrativos da institui\u00e7\u00e3o.<\/p>\n<p style=\"text-align: justify;\"><strong>Mat\u00e9ria postada originalmente no Portal Infonet<\/strong><\/p>\n","protected":false},"excerpt":{"rendered":"<p>Por Eliene Andrade, da Infonet Uma den\u00fancia an\u00f4nima aponta a exist\u00eancia de um suposto uso irregular dos recursos p\u00fablicos, pela Universidade Federal de Sergipe (UFS). De acordo com a den\u00fancia, a Ufs abriu edital para a compra de mais 2 carros para o Gabinete do Reitor, embora j\u00e1 existam dois ve\u00edculos exclusivos para o uso [&hellip;]<\/p>\n","protected":false},"author":1,"featured_media":18427,"comment_status":"closed","ping_status":"closed","sticky":false,"template":"","format":"standard","meta":{"footnotes":""},"categories":[310],"tags":[],"class_list":{"0":"post-49566","1":"post","2":"type-post","3":"status-publish","4":"format-standard","5":"has-post-thumbnail","7":"category-destaques-da-semana"},"_links":{"self":[{"href":"https:\/\/senoticias.com.br\/se\/wp-json\/wp\/v2\/posts\/49566"}],"collection":[{"href":"https:\/\/senoticias.com.br\/se\/wp-json\/wp\/v2\/posts"}],"about":[{"href":"https:\/\/senoticias.com.br\/se\/wp-json\/wp\/v2\/types\/post"}],"author":[{"embeddable":true,"href":"https:\/\/senoticias.com.br\/se\/wp-json\/wp\/v2\/users\/1"}],"replies":[{"embeddable":true,"href":"https:\/\/senoticias.com.br\/se\/wp-json\/wp\/v2\/comments?post=49566"}],"version-history":[{"count":0,"href":"https:\/\/senoticias.com.br\/se\/wp-json\/wp\/v2\/posts\/49566\/revisions"}],"wp:featuredmedia":[{"embeddable":true,"href":"https:\/\/senoticias.com.br\/se\/wp-json\/wp\/v2\/media\/18427"}],"wp:attachment":[{"href":"https:\/\/senoticias.com.br\/se\/wp-json\/wp\/v2\/media?parent=49566"}],"wp:term":[{"taxonomy":"category","embeddable":true,"href":"https:\/\/senoticias.com.br\/se\/wp-json\/wp\/v2\/categories?post=49566"},{"taxonomy":"post_tag","embeddable":true,"href":"https:\/\/senoticias.com.br\/se\/wp-json\/wp\/v2\/tags?post=49566"}],"curies":[{"name":"wp","href":"https:\/\/api.w.org\/{rel}","templated":true}]}}