{"id":49561,"date":"2013-06-19T20:58:03","date_gmt":"2013-06-19T23:58:03","guid":{"rendered":"http:\/\/senoticias.com.br\/se\/?p=49561"},"modified":"2013-06-21T12:15:12","modified_gmt":"2013-06-21T15:15:12","slug":"forno-de-padaria-explode-e-duas-pessoas-ficam-feridas-em-aracaju","status":"publish","type":"post","link":"https:\/\/senoticias.com.br\/se\/forno-de-padaria-explode-e-duas-pessoas-ficam-feridas-em-aracaju\/","title":{"rendered":"Forno de padaria explode e duas pessoas ficam feridas em Aracaju"},"content":{"rendered":"<p><strong>Fredson Navarro e Fl\u00e1vio Antunes, d<\/strong>o <strong><a href=\"http:\/\/g1.globo.com\/se\/sergipe\/noticia\/2013\/06\/forno-de-padaria-explode-e-duas-pessoas-ficam-feridas-em-aracaju.html\" target=\"_blank\">G1 SE<\/a><\/strong><\/p>\n<p style=\"text-align: justify;\">Um forno explodiu na padaria de um supermercado localizado no Centro de Aracaju, na tarde desta quarta-feira (19) e deixou duas pessoas feridas. O padeiro e uma cliente foram atingidos e ficaram feridos.<\/p>\n<div id=\"attachment_49562\" style=\"width: 606px\" class=\"wp-caption aligncenter\"><a href=\"http:\/\/senoticias.com.br\/se\/wp-content\/uploads\/2013\/06\/bompreco1.jpg\"><img loading=\"lazy\" decoding=\"async\" aria-describedby=\"caption-attachment-49562\" class=\"size-full wp-image-49562\" title=\"\" src=\"http:\/\/senoticias.com.br\/se\/wp-content\/uploads\/2013\/06\/bompreco1.jpg\" alt=\"\" width=\"596\" height=\"447\" srcset=\"https:\/\/senoticias.com.br\/se\/wp-content\/uploads\/2013\/06\/bompreco1.jpg 596w, https:\/\/senoticias.com.br\/se\/wp-content\/uploads\/2013\/06\/bompreco1-300x225.jpg 300w, https:\/\/senoticias.com.br\/se\/wp-content\/uploads\/2013\/06\/bompreco1-342x256.jpg 342w, https:\/\/senoticias.com.br\/se\/wp-content\/uploads\/2013\/06\/bompreco1-60x45.jpg 60w, https:\/\/senoticias.com.br\/se\/wp-content\/uploads\/2013\/06\/bompreco1-150x113.jpg 150w, https:\/\/senoticias.com.br\/se\/wp-content\/uploads\/2013\/06\/bompreco1-269x201.jpg 269w\" sizes=\"(max-width: 596px) 100vw, 596px\" \/><\/a><p id=\"caption-attachment-49562\" class=\"wp-caption-text\">Supermercado foi fechado ap\u00f3s a explos\u00e3o na padaria que deixou duas pessoas feridas (Foto: Aracaju como eu vejo \/ Facebook)<\/p><\/div>\n<p style=\"text-align: justify;\">O Corpo de Bombeiros foi acionado para conter as chamas. Agentes do Samu prestaram os primeiros socorros \u00e0s v\u00edtimas. Uma cliente foi atingida por estilha\u00e7os de vidros, mas passa bem. J\u00e1 o padeiro foi levado em estado grave para o Hospital de Urg\u00eancia de Sergipe, onde est\u00e1 passando por uma cirurgia neste momento.<\/p>\n<p style=\"text-align: justify;\">A explos\u00e3o pode ter sido motivada por uma falha no equipamento de g\u00e1s. \u201cComo g\u00e1s n\u00e3o tem cheiro, as pessoas que estavam no local n\u00e3o conseguiram identificar o vazamento\u201d, explica o tenente Eanes do Corpo de Bombeiros.<\/p>\n<p style=\"text-align: justify;\">No local muito sangue, al\u00e9m de estilha\u00e7os de vidro das prateleiras espalhados pelo ch\u00e3o. Os funcion\u00e1rios foram liberados e ao supermercado fechado para averigua\u00e7\u00e3o da pol\u00edcia criminal\u00edstica.<\/p>\n<p style=\"text-align: justify;\">O supermercado foi fechado e a Defesa civil, Corpo de Bombeiros e Pol\u00edcia Criminal\u00edstica estiveram no local.<\/p>\n<p style=\"text-align: justify;\">A assessoria de imprensa do supermercado informou que vai aguardar o laudo da per\u00edcia t\u00e9cnica da Pol\u00edcia Civil para conhecer a causa do acidente. Anunciou que a loja deve ser reaberta ao p\u00fablico a qualquer momento, mas a padaria permanecer\u00e1 fechada at\u00e9 que as causas do ocorrido sejam esclarecidas.<\/p>\n","protected":false},"excerpt":{"rendered":"<p>Fredson Navarro e Fl\u00e1vio Antunes, do G1 SE Um forno explodiu na padaria de um supermercado localizado no Centro de Aracaju, na tarde desta quarta-feira (19) e deixou duas pessoas feridas. O padeiro e uma cliente foram atingidos e ficaram feridos. O Corpo de Bombeiros foi acionado para conter as chamas. Agentes do Samu prestaram [&hellip;]<\/p>\n","protected":false},"author":1,"featured_media":49562,"comment_status":"closed","ping_status":"closed","sticky":false,"template":"","format":"standard","meta":{"footnotes":""},"categories":[7],"tags":[],"class_list":{"0":"post-49561","1":"post","2":"type-post","3":"status-publish","4":"format-standard","5":"has-post-thumbnail","7":"category-policia"},"_links":{"self":[{"href":"https:\/\/senoticias.com.br\/se\/wp-json\/wp\/v2\/posts\/49561"}],"collection":[{"href":"https:\/\/senoticias.com.br\/se\/wp-json\/wp\/v2\/posts"}],"about":[{"href":"https:\/\/senoticias.com.br\/se\/wp-json\/wp\/v2\/types\/post"}],"author":[{"embeddable":true,"href":"https:\/\/senoticias.com.br\/se\/wp-json\/wp\/v2\/users\/1"}],"replies":[{"embeddable":true,"href":"https:\/\/senoticias.com.br\/se\/wp-json\/wp\/v2\/comments?post=49561"}],"version-history":[{"count":0,"href":"https:\/\/senoticias.com.br\/se\/wp-json\/wp\/v2\/posts\/49561\/revisions"}],"wp:featuredmedia":[{"embeddable":true,"href":"https:\/\/senoticias.com.br\/se\/wp-json\/wp\/v2\/media\/49562"}],"wp:attachment":[{"href":"https:\/\/senoticias.com.br\/se\/wp-json\/wp\/v2\/media?parent=49561"}],"wp:term":[{"taxonomy":"category","embeddable":true,"href":"https:\/\/senoticias.com.br\/se\/wp-json\/wp\/v2\/categories?post=49561"},{"taxonomy":"post_tag","embeddable":true,"href":"https:\/\/senoticias.com.br\/se\/wp-json\/wp\/v2\/tags?post=49561"}],"curies":[{"name":"wp","href":"https:\/\/api.w.org\/{rel}","templated":true}]}}