{"id":49553,"date":"2013-06-19T20:23:02","date_gmt":"2013-06-19T23:23:02","guid":{"rendered":"http:\/\/senoticias.com.br\/se\/?p=49553"},"modified":"2013-06-20T22:23:26","modified_gmt":"2013-06-21T01:23:26","slug":"pressao-popular-tarifa-do-onibus-cai-r-010-na-grande-aracaju","status":"publish","type":"post","link":"https:\/\/senoticias.com.br\/se\/pressao-popular-tarifa-do-onibus-cai-r-010-na-grande-aracaju\/","title":{"rendered":"Press\u00e3o popular: Tarifa do \u00f4nibus cai R$ 0,10 na Grande Aracaju"},"content":{"rendered":"<h5><strong>Do G1 SE<\/strong><\/h5>\n<p>&nbsp;<\/p>\n<p style=\"text-align: justify;\">A Prefeitura de Aracaju decidiu reduzir em R$ 0,10 a tarifa de \u00f4nibus na capital. A passagem que custa R$ 2,45 vai baixar para R$ 2,35. A informa\u00e7\u00e3o foi divulgada na tarde desta quarta-feira (19) pelo prefeito em exerc\u00edcio Jos\u00e9 Carlos Machado.<\/p>\n<div id=\"attachment_49554\" style=\"width: 606px\" class=\"wp-caption aligncenter\"><a href=\"http:\/\/senoticias.com.br\/se\/wp-content\/uploads\/2013\/06\/onibus.jpg\"><img loading=\"lazy\" decoding=\"async\" aria-describedby=\"caption-attachment-49554\" class=\"size-full wp-image-49554\" title=\"\" src=\"http:\/\/senoticias.com.br\/se\/wp-content\/uploads\/2013\/06\/onibus.jpg\" alt=\"\" width=\"596\" height=\"447\" srcset=\"https:\/\/senoticias.com.br\/se\/wp-content\/uploads\/2013\/06\/onibus.jpg 596w, https:\/\/senoticias.com.br\/se\/wp-content\/uploads\/2013\/06\/onibus-300x225.jpg 300w, https:\/\/senoticias.com.br\/se\/wp-content\/uploads\/2013\/06\/onibus-342x256.jpg 342w, https:\/\/senoticias.com.br\/se\/wp-content\/uploads\/2013\/06\/onibus-60x45.jpg 60w, https:\/\/senoticias.com.br\/se\/wp-content\/uploads\/2013\/06\/onibus-150x113.jpg 150w, https:\/\/senoticias.com.br\/se\/wp-content\/uploads\/2013\/06\/onibus-269x201.jpg 269w\" sizes=\"(max-width: 596px) 100vw, 596px\" \/><\/a><p id=\"caption-attachment-49554\" class=\"wp-caption-text\">Dimuni\u00e7\u00e3o da tarifa n\u00e3o vai impedir manifesta\u00e7\u00e3o (Foto: Marina Fontenele\/G1 SE)<\/p><\/div>\n<p style=\"text-align: justify;\">Isso tem a ver com o fato de no fim de maio, o Governo Federal desonerar as empresas de \u00f4nibus do pagamento de PIS e cofins.<\/p>\n<p style=\"text-align: justify;\">O projeto de lei do executivo que prop\u00f5e a redu\u00e7\u00e3o do valor da passagem de \u00f4nibus vai para a C\u00e2mara Municipal e a nova tarifa vai come\u00e7ar a valer ap\u00f3s for aprovada pelos vereadores.<\/p>\n<p style=\"text-align: justify;\">Apesar da not\u00edcia, aracajuanos mantem a manifesta\u00e7\u00e3o na capital programada para ocorrer na tarde desta quinta-feira (20) com concentra\u00e7\u00e3o nas proximidades da Assembleia Legislativa de Sergipe, eles querem se unir ao protesto que iniciou em S\u00e3o Paulo, na semana passada, contra o aumento na tarifa do transporte p\u00fablico, da inseguran\u00e7a e corrup\u00e7\u00e3o, que ganhou as ruas de todo o pa\u00eds.<\/p>\n<p style=\"text-align: justify;\">Em Sergipe, a mobiliza\u00e7\u00e3o ganhou for\u00e7a nas redes sociais. At\u00e9 esta tarde, mais de 23 mil pessoas j\u00e1 confirmaram presen\u00e7a no ato. Os l\u00edderes do movimento solicitaram que os pol\u00edticos e pol\u00edcia n\u00e3o compare\u00e7am ao ato e garantiram que a manifesta\u00e7\u00e3o ser\u00e1 pac\u00edfica.<\/p>\n","protected":false},"excerpt":{"rendered":"<p>Do G1 SE &nbsp; A Prefeitura de Aracaju decidiu reduzir em R$ 0,10 a tarifa de \u00f4nibus na capital. A passagem que custa R$ 2,45 vai baixar para R$ 2,35. A informa\u00e7\u00e3o foi divulgada na tarde desta quarta-feira (19) pelo prefeito em exerc\u00edcio Jos\u00e9 Carlos Machado. Isso tem a ver com o fato de no [&hellip;]<\/p>\n","protected":false},"author":1,"featured_media":49554,"comment_status":"closed","ping_status":"closed","sticky":false,"template":"","format":"standard","meta":{"footnotes":""},"categories":[310,6],"tags":[],"class_list":{"0":"post-49553","1":"post","2":"type-post","3":"status-publish","4":"format-standard","5":"has-post-thumbnail","7":"category-destaques-da-semana","8":"category-politica"},"_links":{"self":[{"href":"https:\/\/senoticias.com.br\/se\/wp-json\/wp\/v2\/posts\/49553"}],"collection":[{"href":"https:\/\/senoticias.com.br\/se\/wp-json\/wp\/v2\/posts"}],"about":[{"href":"https:\/\/senoticias.com.br\/se\/wp-json\/wp\/v2\/types\/post"}],"author":[{"embeddable":true,"href":"https:\/\/senoticias.com.br\/se\/wp-json\/wp\/v2\/users\/1"}],"replies":[{"embeddable":true,"href":"https:\/\/senoticias.com.br\/se\/wp-json\/wp\/v2\/comments?post=49553"}],"version-history":[{"count":0,"href":"https:\/\/senoticias.com.br\/se\/wp-json\/wp\/v2\/posts\/49553\/revisions"}],"wp:featuredmedia":[{"embeddable":true,"href":"https:\/\/senoticias.com.br\/se\/wp-json\/wp\/v2\/media\/49554"}],"wp:attachment":[{"href":"https:\/\/senoticias.com.br\/se\/wp-json\/wp\/v2\/media?parent=49553"}],"wp:term":[{"taxonomy":"category","embeddable":true,"href":"https:\/\/senoticias.com.br\/se\/wp-json\/wp\/v2\/categories?post=49553"},{"taxonomy":"post_tag","embeddable":true,"href":"https:\/\/senoticias.com.br\/se\/wp-json\/wp\/v2\/tags?post=49553"}],"curies":[{"name":"wp","href":"https:\/\/api.w.org\/{rel}","templated":true}]}}