{"id":49550,"date":"2013-06-19T20:15:12","date_gmt":"2013-06-19T23:15:12","guid":{"rendered":"http:\/\/senoticias.com.br\/se\/?p=49550"},"modified":"2013-06-20T11:07:41","modified_gmt":"2013-06-20T14:07:41","slug":"inundacao-da-barragem-do-poxim-atinge-30-da-capacidade","status":"publish","type":"post","link":"https:\/\/senoticias.com.br\/se\/inundacao-da-barragem-do-poxim-atinge-30-da-capacidade\/","title":{"rendered":"Inunda\u00e7\u00e3o da barragem do Poxim atinge 30% da capacidade"},"content":{"rendered":"<p>&nbsp;<\/p>\n<div id=\"attachment_49551\" style=\"width: 310px\" class=\"wp-caption alignleft\"><a href=\"http:\/\/senoticias.com.br\/se\/wp-content\/uploads\/2013\/06\/BarragemSindicalistaJaimeUmbelinodeSouzaFotoMarcelleCristinne1.jpg\"><img loading=\"lazy\" decoding=\"async\" aria-describedby=\"caption-attachment-49551\" class=\"size-medium wp-image-49551\" title=\"\" src=\"http:\/\/senoticias.com.br\/se\/wp-content\/uploads\/2013\/06\/BarragemSindicalistaJaimeUmbelinodeSouzaFotoMarcelleCristinne1-300x198.jpg\" alt=\"\" width=\"300\" height=\"198\" srcset=\"https:\/\/senoticias.com.br\/se\/wp-content\/uploads\/2013\/06\/BarragemSindicalistaJaimeUmbelinodeSouzaFotoMarcelleCristinne1-300x198.jpg 300w, https:\/\/senoticias.com.br\/se\/wp-content\/uploads\/2013\/06\/BarragemSindicalistaJaimeUmbelinodeSouzaFotoMarcelleCristinne1-342x226.jpg 342w, https:\/\/senoticias.com.br\/se\/wp-content\/uploads\/2013\/06\/BarragemSindicalistaJaimeUmbelinodeSouzaFotoMarcelleCristinne1.jpg 500w\" sizes=\"(max-width: 300px) 100vw, 300px\" \/><\/a><p id=\"caption-attachment-49551\" class=\"wp-caption-text\">Previs\u00e3o \u00e9 que em tr\u00eas meses a capacidade m\u00e1xima de 25 metros de profundidade seja atingida.(Foto: Marcelle Cristinne\/ASN)<\/p><\/div>\n<p style=\"text-align: justify;\">A \u00e1gua que inunda a barragem do Jaime Umbelino de Souza, situada no rio Poxim-A\u00e7u, no povoado Timbozinho, em S\u00e3o Crist\u00f3v\u00e3o, j\u00e1 come\u00e7a a desenhar uma nova paisagem. Um m\u00eas ap\u00f3s o fechamento das comportas consolidado pelo governador Marcelo D\u00e9da, a estrutura est\u00e1 com 30% da capacidade preenchida. A previs\u00e3o \u00e9 que a \u00e1rea total de inunda\u00e7\u00e3o de 5,2 km\u00b2 esteja completamente inundada nos pr\u00f3ximos tr\u00eas meses, garantindo a seguran\u00e7a e qualidade do abastecimento de \u00e1gua nos pr\u00f3ximos 20 anos para quase 800 mil pessoas residentes na Grande Aracaju.<\/p>\n<p style=\"text-align: justify;\">A cada dia o volume de \u00e1gua da barragem s\u00f3 aumenta e chegou a atingir 12 metros de profundidade. Com a inunda\u00e7\u00e3o ocorrendo dentro da perspectiva da Companhia de Saneamento de Sergipe (Deso), respons\u00e1vel por operar a estrutura, a previs\u00e3o \u00e9 que em tr\u00eas meses a capacidade m\u00e1xima de 25 metros de profundidade seja atingida. At\u00e9 l\u00e1, o terreno que antes era apenas coberto por vegeta\u00e7\u00e3o, ganha a vida e o dinamismo da \u00e1gua acumulada.<\/p>\n<p style=\"text-align: justify;\">\u201cNo pr\u00f3ximo ver\u00e3o a barragem estar\u00e1 completamente cheia, mantendo o equil\u00edbrio da vaz\u00e3o do rio\u201d, confirma o engenheiro da empresa, C\u00e1ssio Dantas. Ele explica que a barragem ser\u00e1 um elemento regularizador, acumulando \u00e1gua do rio Poxim nos per\u00edodos chuvosos para ser utilizada durante os momentos de estiagem. Assim ser\u00e1 poss\u00edvel ter o manancial como uma importante fonte de abastecimento durante todo o ano, com uma produ\u00e7\u00e3o de \u00e1gua estabilizada em 900 litros por segundo.<\/p>\n<p style=\"text-align: justify;\">Durante o ato simb\u00f3lico de fechamento das comportas da barragem, realizado em 14 de maio, o governador Marcelo D\u00e9da descreveu que o reservat\u00f3rio vai cumprir um papel extraordin\u00e1rio na seguran\u00e7a h\u00eddrica para a Grande Aracaju. \u201cSer\u00e3o 32 milh\u00f5es de metros c\u00fabicos que representar\u00e3o a garantia para as pr\u00f3ximas duas d\u00e9cadas de que Aracaju n\u00e3o enfrentar\u00e1 racionamento\u201d, enfatizou.<\/p>\n<p style=\"text-align: justify;\"><strong>Sa\u00fade, dignidade e turismo<\/strong><\/p>\n<p style=\"text-align: justify;\">Mais que um compromisso com a sa\u00fade e a dignidade da popula\u00e7\u00e3o, o Governo do Estado possibilitou que a barragem fosse transformada em uma conquista hist\u00f3rica. Para essa realiza\u00e7\u00e3o, foi necess\u00e1rio o investimento de R$ 85 milh\u00f5es, em parceria com o Governo Federal.<\/p>\n<p style=\"text-align: justify;\">\u201cA barragem do Poxim \u00e9 parte de um ciclo de investimentos que tem por objetivo melhorar a qualidade de vida dos sergipanos. Ao todo, s\u00e3o mais de R$ 1 bilh\u00e3o em abastecimento de \u00e1gua e esgotamento sanit\u00e1rio, o que mostra que nunca se investiu tanto em saneamento b\u00e1sico como nos \u00faltimos anos\u201d, completa o diretor-presidente da Deso, S\u00e9rgio Ferrari.<\/p>\n<p style=\"text-align: justify;\">Se em 2013 os moradores de Aracaju, Nossa Senhora do Socorro, Barra dos Coqueiros e do Rosa Elze, em S\u00e3o Crist\u00f3v\u00e3o, n\u00e3o tiveram de enfrentar racionamento, \u00e9 porque o Governo do Estado executou outro projeto grandioso em import\u00e2ncia: a duplica\u00e7\u00e3o da adutora do S\u00e3o Francisco. Foram investidos R$ 127 milh\u00f5es, o que possibilitou o aumento de produ\u00e7\u00e3o de 1700 l\/s para 3.000 litros de \u00e1gua por segundo para a regi\u00e3o. Junto \u00e0 barragem do Poxim os sistemas s\u00e3o dois gigantes na efici\u00eancia de abastecimento de \u00e1gua da Grande Aracaju.<\/p>\n<p style=\"text-align: justify;\">A barragem tamb\u00e9m ser\u00e1 transformada em um novo ponto tur\u00edstico para Sergipe, quando estiver em pleno funcionamento. A Prefeitura de S\u00e3o Crist\u00f3v\u00e3o vai construir uma infraestrutura para explora\u00e7\u00e3o tur\u00edstica. Projeto j\u00e1 est\u00e1 sendo encaminhado.<\/p>\n<p style=\"text-align: justify;\">Enchimento da barragem tamb\u00e9m foi destaque na imprensa local, a exemplo do SE TV 2\u00aa Edi\u00e7\u00e3o, da TV Sergipe. <strong><a href=\"http:\/\/g1.globo.com\/se\/sergipe\/setv-2edicao\/videos\/t\/edicoes\/v\/barragem-do-rio-poxim-esta-com-30-da-capacidade-preenchida-em-se\/2640008\/\" target=\"_blank\">Assista.<\/a><\/strong><\/p>\n<p style=\"text-align: justify;\">Por Bruna Carvalho\/ ACE Deso<\/p>\n","protected":false},"excerpt":{"rendered":"<p>&nbsp; A \u00e1gua que inunda a barragem do Jaime Umbelino de Souza, situada no rio Poxim-A\u00e7u, no povoado Timbozinho, em S\u00e3o Crist\u00f3v\u00e3o, j\u00e1 come\u00e7a a desenhar uma nova paisagem. Um m\u00eas ap\u00f3s o fechamento das comportas consolidado pelo governador Marcelo D\u00e9da, a estrutura est\u00e1 com 30% da capacidade preenchida. A previs\u00e3o \u00e9 que a \u00e1rea [&hellip;]<\/p>\n","protected":false},"author":1,"featured_media":49551,"comment_status":"closed","ping_status":"closed","sticky":false,"template":"","format":"standard","meta":{"footnotes":""},"categories":[38,6],"tags":[],"class_list":{"0":"post-49550","1":"post","2":"type-post","3":"status-publish","4":"format-standard","5":"has-post-thumbnail","7":"category-municipios","8":"category-politica"},"_links":{"self":[{"href":"https:\/\/senoticias.com.br\/se\/wp-json\/wp\/v2\/posts\/49550"}],"collection":[{"href":"https:\/\/senoticias.com.br\/se\/wp-json\/wp\/v2\/posts"}],"about":[{"href":"https:\/\/senoticias.com.br\/se\/wp-json\/wp\/v2\/types\/post"}],"author":[{"embeddable":true,"href":"https:\/\/senoticias.com.br\/se\/wp-json\/wp\/v2\/users\/1"}],"replies":[{"embeddable":true,"href":"https:\/\/senoticias.com.br\/se\/wp-json\/wp\/v2\/comments?post=49550"}],"version-history":[{"count":0,"href":"https:\/\/senoticias.com.br\/se\/wp-json\/wp\/v2\/posts\/49550\/revisions"}],"wp:featuredmedia":[{"embeddable":true,"href":"https:\/\/senoticias.com.br\/se\/wp-json\/wp\/v2\/media\/49551"}],"wp:attachment":[{"href":"https:\/\/senoticias.com.br\/se\/wp-json\/wp\/v2\/media?parent=49550"}],"wp:term":[{"taxonomy":"category","embeddable":true,"href":"https:\/\/senoticias.com.br\/se\/wp-json\/wp\/v2\/categories?post=49550"},{"taxonomy":"post_tag","embeddable":true,"href":"https:\/\/senoticias.com.br\/se\/wp-json\/wp\/v2\/tags?post=49550"}],"curies":[{"name":"wp","href":"https:\/\/api.w.org\/{rel}","templated":true}]}}