{"id":49543,"date":"2013-06-19T17:42:37","date_gmt":"2013-06-19T20:42:37","guid":{"rendered":"http:\/\/senoticias.com.br\/se\/?p=49543"},"modified":"2013-06-20T08:51:31","modified_gmt":"2013-06-20T11:51:31","slug":"deputado-zezinho-guimaraes-vai-a-brasilia-em-busca-de-subsidios-para-cpi-da-telefonia-movel","status":"publish","type":"post","link":"https:\/\/senoticias.com.br\/se\/deputado-zezinho-guimaraes-vai-a-brasilia-em-busca-de-subsidios-para-cpi-da-telefonia-movel\/","title":{"rendered":"Deputado Zezinho Guimar\u00e3es vai a Bras\u00edlia em busca de subs\u00eddios para CPI da telefonia m\u00f3vel"},"content":{"rendered":"<p>&nbsp;<\/p>\n<div id=\"attachment_48350\" style=\"width: 215px\" class=\"wp-caption alignleft\"><a href=\"http:\/\/senoticias.com.br\/se\/wp-content\/uploads\/2013\/05\/Zezinho-Guimar\u00e3es.jpg\"><img loading=\"lazy\" decoding=\"async\" aria-describedby=\"caption-attachment-48350\" class=\"size-medium wp-image-48350\" title=\"Zezinho Guimar\u00e3es\" src=\"http:\/\/senoticias.com.br\/se\/wp-content\/uploads\/2013\/05\/Zezinho-Guimar\u00e3es-205x300.jpg\" alt=\"\" width=\"205\" height=\"300\" srcset=\"https:\/\/senoticias.com.br\/se\/wp-content\/uploads\/2013\/05\/Zezinho-Guimar\u00e3es-205x300.jpg 205w, https:\/\/senoticias.com.br\/se\/wp-content\/uploads\/2013\/05\/Zezinho-Guimar\u00e3es-342x498.jpg 342w, https:\/\/senoticias.com.br\/se\/wp-content\/uploads\/2013\/05\/Zezinho-Guimar\u00e3es-300x437.jpg 300w, https:\/\/senoticias.com.br\/se\/wp-content\/uploads\/2013\/05\/Zezinho-Guimar\u00e3es.jpg 600w\" sizes=\"(max-width: 205px) 100vw, 205px\" \/><\/a><p id=\"caption-attachment-48350\" class=\"wp-caption-text\">Zezinho vai a Bras\u00edlia em busca de subs\u00eddios para CPI da telefonia m\u00f3vel. (Foto: Maria Od\u00edlia, da Ag\u00eancia Alese)<\/p><\/div>\n<p style=\"text-align: justify;\">O vice-presidente da Comiss\u00e3o Parlamentar de Inqu\u00e9rito (CPI) da telefonia m\u00f3vel, da Assembleia Legislativa de Sergipe, Zezinho Guimar\u00e3es (PMDB) est\u00e1 em Bras\u00edlia, onde participa de reuni\u00f5es na C\u00e2mara dos Deputados e no Minist\u00e9rio das Comunica\u00e7\u00f5es. O objetivo, segundo ele, \u00e9 buscar dados e informa\u00e7\u00f5es que subsidiem os integrantes da CPI no processo de investiga\u00e7\u00e3o da atua\u00e7\u00e3o das empresas de telefonia m\u00f3vel.<\/p>\n<p style=\"text-align: justify;\">Campe\u00e3s em reclama\u00e7\u00f5es nas Procuradorias dos Consumidores (Procons), as operadoras, segundo o deputado, promovem um verdadeiro \u201cassalto\u201d \u00e0 sociedade. \u201cS\u00e3o empresas que agem de forma nociva. Precisamos dar um basta nisso\u201d, afirmou o parlamentar, que est\u00e1 na capital federal acompanhado do relator da CPI em Sergipe, deputado Augusto Bezerra (DEM).<\/p>\n<p style=\"text-align: justify;\"><strong>MOBILIZA\u00c7\u00c3O \u2013<\/strong> Para Zezinho, o momento \u00e9 oportuno para que os desmandos praticados por essas companhias de telefonia m\u00f3vel sejam levados ao conhecimento da popula\u00e7\u00e3o que \u00e9 \u201cinfinitamente mais lesada\u201d do que imagina. \u201cEsse debate sobre a quest\u00e3o do aumento da tarifa do transporte p\u00fablico, e que tem gerado protestos em v\u00e1rias partes do pa\u00eds, \u00e9 infinitamente pequeno diante dos desmandos praticados por essas empresas\u201d, afirmou.<\/p>\n<p style=\"text-align: justify;\">Zezinho defendeu que a juventude que est\u00e1 indo \u00e0s ruas, inclusive em Aracaju, coloque na pauta de reivindica\u00e7\u00e3o a necessidade urgente de mudan\u00e7as no marco regulat\u00f3rio da telefonia no Brasil. Ele ressaltou que o marco foi preparado para a telefonia fixa h\u00e1 quase duas d\u00e9cadas.<\/p>\n<p style=\"text-align: justify;\">O advento da telefonia m\u00f3vel e o seu consequente crescimento n\u00e3o s\u00e3o contemplados no atual modelo. \u201cA situa\u00e7\u00e3o \u00e9 gritante e precisa, urgentemente, ser alterada porque a popula\u00e7\u00e3o brasileira j\u00e1 n\u00e3o aguenta mais ser roubada por essas operadoras. A sociedade precisa ser alertada e se unir para que se d\u00ea um basta nesses desmandos e agress\u00f5es praticadas por essas empresas\u201d, defendeu.<\/p>\n<p style=\"text-align: justify;\"><strong>Da Assessoria parlamentar<\/strong><\/p>\n","protected":false},"excerpt":{"rendered":"<p>&nbsp; O vice-presidente da Comiss\u00e3o Parlamentar de Inqu\u00e9rito (CPI) da telefonia m\u00f3vel, da Assembleia Legislativa de Sergipe, Zezinho Guimar\u00e3es (PMDB) est\u00e1 em Bras\u00edlia, onde participa de reuni\u00f5es na C\u00e2mara dos Deputados e no Minist\u00e9rio das Comunica\u00e7\u00f5es. O objetivo, segundo ele, \u00e9 buscar dados e informa\u00e7\u00f5es que subsidiem os integrantes da CPI no processo de investiga\u00e7\u00e3o [&hellip;]<\/p>\n","protected":false},"author":1,"featured_media":48350,"comment_status":"closed","ping_status":"closed","sticky":false,"template":"","format":"standard","meta":{"footnotes":""},"categories":[6],"tags":[],"class_list":{"0":"post-49543","1":"post","2":"type-post","3":"status-publish","4":"format-standard","5":"has-post-thumbnail","7":"category-politica"},"_links":{"self":[{"href":"https:\/\/senoticias.com.br\/se\/wp-json\/wp\/v2\/posts\/49543"}],"collection":[{"href":"https:\/\/senoticias.com.br\/se\/wp-json\/wp\/v2\/posts"}],"about":[{"href":"https:\/\/senoticias.com.br\/se\/wp-json\/wp\/v2\/types\/post"}],"author":[{"embeddable":true,"href":"https:\/\/senoticias.com.br\/se\/wp-json\/wp\/v2\/users\/1"}],"replies":[{"embeddable":true,"href":"https:\/\/senoticias.com.br\/se\/wp-json\/wp\/v2\/comments?post=49543"}],"version-history":[{"count":0,"href":"https:\/\/senoticias.com.br\/se\/wp-json\/wp\/v2\/posts\/49543\/revisions"}],"wp:featuredmedia":[{"embeddable":true,"href":"https:\/\/senoticias.com.br\/se\/wp-json\/wp\/v2\/media\/48350"}],"wp:attachment":[{"href":"https:\/\/senoticias.com.br\/se\/wp-json\/wp\/v2\/media?parent=49543"}],"wp:term":[{"taxonomy":"category","embeddable":true,"href":"https:\/\/senoticias.com.br\/se\/wp-json\/wp\/v2\/categories?post=49543"},{"taxonomy":"post_tag","embeddable":true,"href":"https:\/\/senoticias.com.br\/se\/wp-json\/wp\/v2\/tags?post=49543"}],"curies":[{"name":"wp","href":"https:\/\/api.w.org\/{rel}","templated":true}]}}