{"id":49542,"date":"2013-06-19T17:39:49","date_gmt":"2013-06-19T20:39:49","guid":{"rendered":"http:\/\/senoticias.com.br\/se\/?p=49542"},"modified":"2013-06-19T17:44:03","modified_gmt":"2013-06-19T20:44:03","slug":"maria-enfatiza-projeto-que-estabelece-regras-para-concursos-publicos","status":"publish","type":"post","link":"https:\/\/senoticias.com.br\/se\/maria-enfatiza-projeto-que-estabelece-regras-para-concursos-publicos\/","title":{"rendered":"Maria enfatiza projeto que estabelece regras para concursos p\u00fablicos"},"content":{"rendered":"<p>&nbsp;<\/p>\n<div id=\"attachment_33074\" style=\"width: 291px\" class=\"wp-caption alignleft\"><a href=\"http:\/\/senoticias.com.br\/se\/wp-content\/uploads\/2012\/05\/Maria-do-Carmo.jpg\"><img loading=\"lazy\" decoding=\"async\" aria-describedby=\"caption-attachment-33074\" class=\"size-full wp-image-33074\" title=\"Maria do Carmo\" src=\"http:\/\/senoticias.com.br\/se\/wp-content\/uploads\/2012\/05\/Maria-do-Carmo.jpg\" alt=\"\" width=\"281\" height=\"179\" \/><\/a><p id=\"caption-attachment-33074\" class=\"wp-caption-text\">Senadora Maria do Carmo Alves (DEM). \/ Reprodu\u00e7\u00e3o<\/p><\/div>\n<p style=\"text-align: justify;\">A senadora Maria do Carmo Alves (DEM) destacou a decis\u00e3o da Comiss\u00e3o de Constitui\u00e7\u00e3o e Justi\u00e7a (CCJ) que aprovou nesta quarta-feira (19) o substitutivo do projeto de lei do Senado 74\/2010, que estabelece regras gerais para a realiza\u00e7\u00e3o de concursos p\u00fablicos. Pelo texto fica garantido o direito de os candidatos aprovados serem nomeados nas vagas previstas em edital e dentro do prazo de validade do processo seletivo.<\/p>\n<p style=\"text-align: justify;\">\u201cIsso d\u00e1 uma tranq\u00fcilidade aos candidatos que s\u00e3o aprovados. Infelizmente, muitas vezes eles logram \u00eaxito no processo, mas acabam n\u00e3o sendo chamados, mesmo havendo vagas dispon\u00edveis. \u00c9 uma forma de preservar o direito desses cidad\u00e3os que se dedicam a estudar na expectativa de conquistar uma boa vaga num concurso p\u00fablico\u201d, ressaltou Maria do Carmo, ao considerar que as regras atuais s\u00e3o desleais e imp\u00f5e aos que est\u00e3o preparados para concorrer a fun\u00e7\u00f5es p\u00fablicas, situa\u00e7\u00f5es ululantes. \u201cSem duvida, esse projeto vem moralizar\u201d, afirmou a democrata.<\/p>\n<p style=\"text-align: justify;\">Na pr\u00f3xima semana, a CCJ dever\u00e1 submeter o substitutivo a turno suplementar de vota\u00e7\u00e3o. Depois disso, se n\u00e3o houver recurso para vota\u00e7\u00e3o pelo Plen\u00e1rio do Senado, a mat\u00e9ria seguir\u00e1 direto para a C\u00e2mara dos Deputados.<\/p>\n","protected":false},"excerpt":{"rendered":"<p>&nbsp; A senadora Maria do Carmo Alves (DEM) destacou a decis\u00e3o da Comiss\u00e3o de Constitui\u00e7\u00e3o e Justi\u00e7a (CCJ) que aprovou nesta quarta-feira (19) o substitutivo do projeto de lei do Senado 74\/2010, que estabelece regras gerais para a realiza\u00e7\u00e3o de concursos p\u00fablicos. Pelo texto fica garantido o direito de os candidatos aprovados serem nomeados nas [&hellip;]<\/p>\n","protected":false},"author":1,"featured_media":33074,"comment_status":"closed","ping_status":"closed","sticky":false,"template":"","format":"standard","meta":{"footnotes":""},"categories":[6],"tags":[],"class_list":{"0":"post-49542","1":"post","2":"type-post","3":"status-publish","4":"format-standard","5":"has-post-thumbnail","7":"category-politica"},"_links":{"self":[{"href":"https:\/\/senoticias.com.br\/se\/wp-json\/wp\/v2\/posts\/49542"}],"collection":[{"href":"https:\/\/senoticias.com.br\/se\/wp-json\/wp\/v2\/posts"}],"about":[{"href":"https:\/\/senoticias.com.br\/se\/wp-json\/wp\/v2\/types\/post"}],"author":[{"embeddable":true,"href":"https:\/\/senoticias.com.br\/se\/wp-json\/wp\/v2\/users\/1"}],"replies":[{"embeddable":true,"href":"https:\/\/senoticias.com.br\/se\/wp-json\/wp\/v2\/comments?post=49542"}],"version-history":[{"count":0,"href":"https:\/\/senoticias.com.br\/se\/wp-json\/wp\/v2\/posts\/49542\/revisions"}],"wp:featuredmedia":[{"embeddable":true,"href":"https:\/\/senoticias.com.br\/se\/wp-json\/wp\/v2\/media\/33074"}],"wp:attachment":[{"href":"https:\/\/senoticias.com.br\/se\/wp-json\/wp\/v2\/media?parent=49542"}],"wp:term":[{"taxonomy":"category","embeddable":true,"href":"https:\/\/senoticias.com.br\/se\/wp-json\/wp\/v2\/categories?post=49542"},{"taxonomy":"post_tag","embeddable":true,"href":"https:\/\/senoticias.com.br\/se\/wp-json\/wp\/v2\/tags?post=49542"}],"curies":[{"name":"wp","href":"https:\/\/api.w.org\/{rel}","templated":true}]}}