{"id":49540,"date":"2013-06-19T15:37:28","date_gmt":"2013-06-19T18:37:28","guid":{"rendered":"http:\/\/senoticias.com.br\/se\/?p=49540"},"modified":"2013-06-19T20:12:10","modified_gmt":"2013-06-19T23:12:10","slug":"justica-suspende-eleicao-de-susana-azevedo-para-vaga-de-conselheira-do-tce","status":"publish","type":"post","link":"https:\/\/senoticias.com.br\/se\/justica-suspende-eleicao-de-susana-azevedo-para-vaga-de-conselheira-do-tce\/","title":{"rendered":"Justi\u00e7a suspende elei\u00e7\u00e3o de Susana Azevedo para vaga de conselheira do TCE"},"content":{"rendered":"<p><strong>Do G1 SE<\/strong><\/p>\n<div id=\"attachment_48403\" style=\"width: 285px\" class=\"wp-caption alignleft\"><a href=\"http:\/\/senoticias.com.br\/se\/wp-content\/uploads\/2013\/05\/Susana-Azevedo.jpg\"><img loading=\"lazy\" decoding=\"async\" aria-describedby=\"caption-attachment-48403\" class=\"size-full wp-image-48403\" title=\"Susana-Azevedo\" src=\"http:\/\/senoticias.com.br\/se\/wp-content\/uploads\/2013\/05\/Susana-Azevedo.jpg\" alt=\"\" width=\"275\" height=\"183\" \/><\/a><p id=\"caption-attachment-48403\" class=\"wp-caption-text\">Susana Azevedo perde mais uma vez na Justi\u00e7a. (Divulga\u00e7\u00e3o)<\/p><\/div>\n<p style=\"text-align: justify;\">A desembargadora Suzana Carvalho concedeu liminar suspendendo a vota\u00e7\u00e3o da Assembleia Legislativa, que elegeu, no dia tr\u00eas de junho, a deputada Susana Azevedo (PSC), para o cargo de conselheira do Tribunal de Contas do Estado (TCE).<\/p>\n<p style=\"text-align: justify;\">A decis\u00e3o atende a um mandado de seguran\u00e7a impetrado pelo secret\u00e1rio de Estadual da Educa\u00e7\u00e3o, Belivaldo Chagas (PSB), que tamb\u00e9m pleiteia o cargo. A decis\u00e3o ainda cabe recurso. Esta \u00e9 a segunda vez que \u00e9 anulada a elei\u00e7\u00e3o para o Conselho do TCE \u00e9 anulada.<\/p>\n<p style=\"text-align: justify;\">Susana Azevedo foi eleita no dia tr\u00eas de junho na Assembleia Legislativa de Sergipe, a nova conselheira do Tribunal de Contas do Estado. A parlamentar derrotou o secret\u00e1rio de Estado da Educa\u00e7\u00e3o, Belivaldo Chagas (PSB).<\/p>\n<p style=\"text-align: justify;\">A deputada recebeu 13 votos favor\u00e1veis a sua candidatura e n\u00e3o participou da vota\u00e7\u00e3o. Al\u00e9m dela, a bancada do governo tamb\u00e9m n\u00e3o colaborou com o processo de vota\u00e7\u00e3o.<br \/>\nEm uma disputa cancelada anteriormente, Belivaldo Chagas, j\u00e1 havia perdido para Susana. O secret\u00e1rio entrou mais uma vez na justi\u00e7a para recorrer da decis\u00e3o.<\/p>\n","protected":false},"excerpt":{"rendered":"<p>Do G1 SE A desembargadora Suzana Carvalho concedeu liminar suspendendo a vota\u00e7\u00e3o da Assembleia Legislativa, que elegeu, no dia tr\u00eas de junho, a deputada Susana Azevedo (PSC), para o cargo de conselheira do Tribunal de Contas do Estado (TCE). A decis\u00e3o atende a um mandado de seguran\u00e7a impetrado pelo secret\u00e1rio de Estadual da Educa\u00e7\u00e3o, Belivaldo [&hellip;]<\/p>\n","protected":false},"author":1,"featured_media":48403,"comment_status":"closed","ping_status":"closed","sticky":false,"template":"","format":"standard","meta":{"footnotes":""},"categories":[6],"tags":[],"class_list":{"0":"post-49540","1":"post","2":"type-post","3":"status-publish","4":"format-standard","5":"has-post-thumbnail","7":"category-politica"},"_links":{"self":[{"href":"https:\/\/senoticias.com.br\/se\/wp-json\/wp\/v2\/posts\/49540"}],"collection":[{"href":"https:\/\/senoticias.com.br\/se\/wp-json\/wp\/v2\/posts"}],"about":[{"href":"https:\/\/senoticias.com.br\/se\/wp-json\/wp\/v2\/types\/post"}],"author":[{"embeddable":true,"href":"https:\/\/senoticias.com.br\/se\/wp-json\/wp\/v2\/users\/1"}],"replies":[{"embeddable":true,"href":"https:\/\/senoticias.com.br\/se\/wp-json\/wp\/v2\/comments?post=49540"}],"version-history":[{"count":0,"href":"https:\/\/senoticias.com.br\/se\/wp-json\/wp\/v2\/posts\/49540\/revisions"}],"wp:featuredmedia":[{"embeddable":true,"href":"https:\/\/senoticias.com.br\/se\/wp-json\/wp\/v2\/media\/48403"}],"wp:attachment":[{"href":"https:\/\/senoticias.com.br\/se\/wp-json\/wp\/v2\/media?parent=49540"}],"wp:term":[{"taxonomy":"category","embeddable":true,"href":"https:\/\/senoticias.com.br\/se\/wp-json\/wp\/v2\/categories?post=49540"},{"taxonomy":"post_tag","embeddable":true,"href":"https:\/\/senoticias.com.br\/se\/wp-json\/wp\/v2\/tags?post=49540"}],"curies":[{"name":"wp","href":"https:\/\/api.w.org\/{rel}","templated":true}]}}