{"id":49111,"date":"2013-06-10T10:07:16","date_gmt":"2013-06-10T13:07:16","guid":{"rendered":"http:\/\/senoticias.com.br\/se\/?p=49111"},"modified":"2013-06-10T10:07:16","modified_gmt":"2013-06-10T13:07:16","slug":"numero-de-leitos-para-dependentes-quimicos-na-sao-marcelo-preocupa-a-defensoria-publica","status":"publish","type":"post","link":"https:\/\/senoticias.com.br\/se\/numero-de-leitos-para-dependentes-quimicos-na-sao-marcelo-preocupa-a-defensoria-publica\/","title":{"rendered":"N\u00famero de leitos para dependentes qu\u00edmicos na S\u00e3o Marcelo preocupa a Defensoria P\u00fablica"},"content":{"rendered":"<div id=\"attachment_49113\" style=\"width: 310px\" class=\"wp-caption alignleft\"><a href=\"http:\/\/senoticias.com.br\/se\/wp-content\/uploads\/2013\/06\/IMG_1539.jpg\"><img loading=\"lazy\" decoding=\"async\" aria-describedby=\"caption-attachment-49113\" class=\"size-medium wp-image-49113\" title=\"\" src=\"http:\/\/senoticias.com.br\/se\/wp-content\/uploads\/2013\/06\/IMG_1539-300x199.jpg\" alt=\"\" width=\"300\" height=\"199\" srcset=\"https:\/\/senoticias.com.br\/se\/wp-content\/uploads\/2013\/06\/IMG_1539-300x199.jpg 300w, https:\/\/senoticias.com.br\/se\/wp-content\/uploads\/2013\/06\/IMG_1539-342x227.jpg 342w, https:\/\/senoticias.com.br\/se\/wp-content\/uploads\/2013\/06\/IMG_1539.jpg 400w\" sizes=\"(max-width: 300px) 100vw, 300px\" \/><\/a><p id=\"caption-attachment-49113\" class=\"wp-caption-text\">N\u00famero de leitos para dependentes qu\u00edmicos na S\u00e3o Marcelo preocupa a Defensoria. (Iran Souza)<\/p><\/div>\n<p style=\"text-align: justify;\">Durante uma inspe\u00e7\u00e3o realizada pela Defensoria P\u00fablica do Estado de Sergipe na Cl\u00ednica S\u00e3o Marcello no \u00faltimo dia 5, os defensores p\u00fablicos do N\u00facleo da Sa\u00fade, Murilo Souza, Eduardo Ca\u00e7\u00e3o, Carolina D`\u00c0vila e a psic\u00f3loga Syrlene Besouchet demonstraram preocupa\u00e7\u00e3o com o n\u00famero de leitos para dependentes qu\u00edmicos.<\/p>\n<p style=\"text-align: justify;\">Segundo o defensor p\u00fablico e coordenador do N\u00facleo da Sa\u00fade, Murilo Souza, o intuito foi verificar a estrutura f\u00edsica do local, quantidade de leitos dispon\u00edveis e a forma de tratamento oferecido aos doentes mentais e dependentes qu\u00edmicos.<\/p>\n<p style=\"text-align: justify;\">\u201cHoje j\u00e1 existe na Defensoria uma A\u00e7\u00e3o Civil P\u00fablica que obriga o Estado a fazer tratamento qu\u00edmico de menores, mas nossa inten\u00e7\u00e3o, uma vez que essa fatia n\u00e3o foi atingida, \u00e9 tentar ingressar com outra A\u00e7\u00e3o Civil P\u00fablica para que o Estado disponibilize tratamento para todos os usu\u00e1rios de drogas, que representam uma demanda muito maior do que a quantidade de leitos existentes\u201d, disse Murilo.<\/p>\n<p style=\"text-align: justify;\">O defensor p\u00fablico, Eduardo Ca\u00e7\u00e3o, n\u00e3o constatou irregularidades na Cl\u00ednica, mas fez uma ressalva com rela\u00e7\u00e3o ao n\u00famero de leitos para dependentes qu\u00edmicos. \u201cA cl\u00ednica est\u00e1 funcionando de maneira regular e tudo que foi constatado est\u00e1 dentro da normalidade. O fato n\u00e3o exige nenhuma medida dr\u00e1stica e por enquanto n\u00e3o haver\u00e1 nenhuma medida adicional, mas o que nos preocupa \u00e9 que s\u00f3 existe apenas 10 leitos para atender a demanda de dependentes de drogas\u201d, lamenta.<\/p>\n<p style=\"text-align: justify;\">O assessor jur\u00eddico da S\u00e3o Marcello, Erhard Hamilton, fez quest\u00e3o de esclarecer os transtornos no \u00faltimo dia 14 de maio, quando impediu a primeira visita dos defensores p\u00fablicos. \u201dPe\u00e7o perd\u00e3o pelos transtornos, pois a S\u00e3o Marcello n\u00e3o tem nenhuma inten\u00e7\u00e3o contr\u00e1ria, mas sim de fazer parceria com a Defensoria no tratamento aos dependentes qu\u00edmicos e pacientes com problemas mentais. Somos parceiros e n\u00e3o vil\u00e3o, pois nossa conduta \u00e9 estar sempre \u00e0 disposi\u00e7\u00e3o dos defensores p\u00fablicos\u201d, se desculpa.<\/p>\n<p style=\"text-align: justify;\">Com rela\u00e7\u00e3o ao n\u00famero reduzido de leitos para dependentes qu\u00edmicos, Erhard Hamilton afirmou que a Cl\u00ednica n\u00e3o tem interesse em ampliar. \u201cTemos mais ou menos 147 pessoas que fazem tratamento e 150 leitos que est\u00e1 no limite. Desse total, 10 leitos s\u00e3o para dependentes qu\u00edmicos, mas n\u00e3o temos interesse de ampliar. Todos os dias rejeitamos pessoas que procuram tratamento qu\u00edmico e, para se ter uma ideia, dever\u00edamos ter aproximadamente 1800 leitos sob a \u00f3tica do que exige a Organiza\u00e7\u00e3o Mundial de Sa\u00fade\u201d, afirma.<\/p>\n<p style=\"text-align: justify;\"><em><strong>Da Assessoria de Imprensa<\/strong><\/em><\/p>\n","protected":false},"excerpt":{"rendered":"<p>Durante uma inspe\u00e7\u00e3o realizada pela Defensoria P\u00fablica do Estado de Sergipe na Cl\u00ednica S\u00e3o Marcello no \u00faltimo dia 5, os defensores p\u00fablicos do N\u00facleo da Sa\u00fade, Murilo Souza, Eduardo Ca\u00e7\u00e3o, Carolina D`\u00c0vila e a psic\u00f3loga Syrlene Besouchet demonstraram preocupa\u00e7\u00e3o com o n\u00famero de leitos para dependentes qu\u00edmicos. Segundo o defensor p\u00fablico e coordenador do N\u00facleo [&hellip;]<\/p>\n","protected":false},"author":1,"featured_media":49113,"comment_status":"closed","ping_status":"closed","sticky":false,"template":"","format":"standard","meta":{"footnotes":""},"categories":[6,1],"tags":[],"class_list":{"0":"post-49111","1":"post","2":"type-post","3":"status-publish","4":"format-standard","5":"has-post-thumbnail","7":"category-politica","8":"category-sem-categoria"},"_links":{"self":[{"href":"https:\/\/senoticias.com.br\/se\/wp-json\/wp\/v2\/posts\/49111"}],"collection":[{"href":"https:\/\/senoticias.com.br\/se\/wp-json\/wp\/v2\/posts"}],"about":[{"href":"https:\/\/senoticias.com.br\/se\/wp-json\/wp\/v2\/types\/post"}],"author":[{"embeddable":true,"href":"https:\/\/senoticias.com.br\/se\/wp-json\/wp\/v2\/users\/1"}],"replies":[{"embeddable":true,"href":"https:\/\/senoticias.com.br\/se\/wp-json\/wp\/v2\/comments?post=49111"}],"version-history":[{"count":0,"href":"https:\/\/senoticias.com.br\/se\/wp-json\/wp\/v2\/posts\/49111\/revisions"}],"wp:featuredmedia":[{"embeddable":true,"href":"https:\/\/senoticias.com.br\/se\/wp-json\/wp\/v2\/media\/49113"}],"wp:attachment":[{"href":"https:\/\/senoticias.com.br\/se\/wp-json\/wp\/v2\/media?parent=49111"}],"wp:term":[{"taxonomy":"category","embeddable":true,"href":"https:\/\/senoticias.com.br\/se\/wp-json\/wp\/v2\/categories?post=49111"},{"taxonomy":"post_tag","embeddable":true,"href":"https:\/\/senoticias.com.br\/se\/wp-json\/wp\/v2\/tags?post=49111"}],"curies":[{"name":"wp","href":"https:\/\/api.w.org\/{rel}","templated":true}]}}