{"id":49107,"date":"2013-06-09T20:59:49","date_gmt":"2013-06-09T23:59:49","guid":{"rendered":"http:\/\/senoticias.com.br\/se\/?p=49107"},"modified":"2013-06-09T21:00:46","modified_gmt":"2013-06-10T00:00:46","slug":"papa-tuita-sobre-cultura-do-lixo-e-desvalorizacao-da-vida","status":"publish","type":"post","link":"https:\/\/senoticias.com.br\/se\/papa-tuita-sobre-cultura-do-lixo-e-desvalorizacao-da-vida\/","title":{"rendered":"Papa tuita sobre &#8216;cultura do lixo&#8217; e desvaloriza\u00e7\u00e3o da vida"},"content":{"rendered":"<p><a href=\"http:\/\/senoticias.com.br\/se\/wp-content\/uploads\/2013\/06\/afp-brasil20120518011642.jpg\"><img loading=\"lazy\" decoding=\"async\" class=\"alignleft size-full wp-image-49109\" title=\"afp-brasil20120518011642\" src=\"http:\/\/senoticias.com.br\/se\/wp-content\/uploads\/2013\/06\/afp-brasil20120518011642.jpg\" alt=\"\" width=\"59\" height=\"29\" \/><\/a><\/p>\n<p style=\"text-align: justify;\">O Papa Francisco postou um tweet neste domingo, condenando a &#8220;cultura do lixo&#8221;, que seleciona os seres humanos em fun\u00e7\u00e3o de sua utilidade para a sociedade de consumo. &#8220;Com a &#8216;cultura do lixo&#8217;, a vida humana n\u00e3o \u00e9 mais vista como um valor fundamental a respeitar e proteger&#8221;, denunciou o Papa, em sua conta @pontifex, que tem mais de seis milh\u00f5es de seguidores em nove idiomas.<\/p>\n<p style=\"text-align: justify;\"><a href=\"http:\/\/senoticias.com.br\/se\/wp-content\/uploads\/2013\/06\/51b5166d9d29c96f86000016.jpeg\"><img loading=\"lazy\" decoding=\"async\" class=\"aligncenter size-full wp-image-49108\" title=\"\" src=\"http:\/\/senoticias.com.br\/se\/wp-content\/uploads\/2013\/06\/51b5166d9d29c96f86000016.jpeg\" alt=\"\" width=\"527\" height=\"216\" srcset=\"https:\/\/senoticias.com.br\/se\/wp-content\/uploads\/2013\/06\/51b5166d9d29c96f86000016.jpeg 527w, https:\/\/senoticias.com.br\/se\/wp-content\/uploads\/2013\/06\/51b5166d9d29c96f86000016-300x122.jpg 300w, https:\/\/senoticias.com.br\/se\/wp-content\/uploads\/2013\/06\/51b5166d9d29c96f86000016-342x140.jpg 342w\" sizes=\"(max-width: 527px) 100vw, 527px\" \/><\/a><\/p>\n<p style=\"text-align: justify;\">Em uma catequese na \u00faltima quarta-feira, depois da audi\u00eancia geral na pra\u00e7a S\u00e3o Pedro, o Papa havia sido expl\u00edcito, ressaltando que a pessoa humana n\u00e3o \u00e9 mais um &#8220;valor fundamental a proteger&#8221;, &#8220;especialmente se for pobre e deficiente, se ainda n\u00e3o tem utilidade &#8211; como a crian\u00e7a que vai nascer &#8211; ou se n\u00e3o serve mais &#8211; como a pessoa idosa&#8221;.<\/p>\n<p style=\"text-align: justify;\">Aos olhos do Papa, a ecologia ambiental e a ecologia humana &#8220;v\u00e3o juntas&#8221;. Segundo ele, uma certa &#8220;cultura da rejei\u00e7\u00e3o&#8221; se aplica n\u00e3o apenas \u00e0 natureza, mas tamb\u00e9m \u00e0 pessoa e, mais especialmente, aos fracos.<\/p>\n<p style=\"text-align: justify;\">&#8220;A pessoa humana \u00e9, hoje, sacrificada pelos \u00eddolos do lucro e do consumo&#8221;, criticou, acrescentando que &#8220;a pessoa humana \u00e9, muito frequentemente, rejeitada como se fosse um lixo&#8221;.<\/p>\n","protected":false},"excerpt":{"rendered":"<p>O Papa Francisco postou um tweet neste domingo, condenando a &#8220;cultura do lixo&#8221;, que seleciona os seres humanos em fun\u00e7\u00e3o de sua utilidade para a sociedade de consumo. &#8220;Com a &#8216;cultura do lixo&#8217;, a vida humana n\u00e3o \u00e9 mais vista como um valor fundamental a respeitar e proteger&#8221;, denunciou o Papa, em sua conta @pontifex, [&hellip;]<\/p>\n","protected":false},"author":1,"featured_media":49109,"comment_status":"closed","ping_status":"closed","sticky":false,"template":"","format":"standard","meta":{"footnotes":""},"categories":[46],"tags":[],"class_list":{"0":"post-49107","1":"post","2":"type-post","3":"status-publish","4":"format-standard","5":"has-post-thumbnail","7":"category-religiao"},"_links":{"self":[{"href":"https:\/\/senoticias.com.br\/se\/wp-json\/wp\/v2\/posts\/49107"}],"collection":[{"href":"https:\/\/senoticias.com.br\/se\/wp-json\/wp\/v2\/posts"}],"about":[{"href":"https:\/\/senoticias.com.br\/se\/wp-json\/wp\/v2\/types\/post"}],"author":[{"embeddable":true,"href":"https:\/\/senoticias.com.br\/se\/wp-json\/wp\/v2\/users\/1"}],"replies":[{"embeddable":true,"href":"https:\/\/senoticias.com.br\/se\/wp-json\/wp\/v2\/comments?post=49107"}],"version-history":[{"count":0,"href":"https:\/\/senoticias.com.br\/se\/wp-json\/wp\/v2\/posts\/49107\/revisions"}],"wp:featuredmedia":[{"embeddable":true,"href":"https:\/\/senoticias.com.br\/se\/wp-json\/wp\/v2\/media\/49109"}],"wp:attachment":[{"href":"https:\/\/senoticias.com.br\/se\/wp-json\/wp\/v2\/media?parent=49107"}],"wp:term":[{"taxonomy":"category","embeddable":true,"href":"https:\/\/senoticias.com.br\/se\/wp-json\/wp\/v2\/categories?post=49107"},{"taxonomy":"post_tag","embeddable":true,"href":"https:\/\/senoticias.com.br\/se\/wp-json\/wp\/v2\/tags?post=49107"}],"curies":[{"name":"wp","href":"https:\/\/api.w.org\/{rel}","templated":true}]}}