{"id":49103,"date":"2013-06-09T20:42:06","date_gmt":"2013-06-09T23:42:06","guid":{"rendered":"http:\/\/senoticias.com.br\/se\/?p=49103"},"modified":"2013-06-10T20:08:58","modified_gmt":"2013-06-10T23:08:58","slug":"motociclista-morre-apos-bater-em-cerca-de-arame-farpado-em-itabaiana","status":"publish","type":"post","link":"https:\/\/senoticias.com.br\/se\/motociclista-morre-apos-bater-em-cerca-de-arame-farpado-em-itabaiana\/","title":{"rendered":"Motociclista morre ap\u00f3s bater em cerca de arame farpado em Itabaiana"},"content":{"rendered":"<p><strong>por Gilson de Oliveira, <a href=\"http:\/\/www.gilsondeoliveira.com.br\/Noticia-6184.html\" target=\"_blank\">Itnet<\/a><\/strong><\/p>\n<div id=\"attachment_49105\" style=\"width: 599px\" class=\"wp-caption aligncenter\"><a href=\"http:\/\/senoticias.com.br\/se\/wp-content\/uploads\/2013\/06\/acidente_moto_gildo_g4.jpg\"><img loading=\"lazy\" decoding=\"async\" aria-describedby=\"caption-attachment-49105\" class=\"size-full wp-image-49105\" title=\"\" src=\"http:\/\/senoticias.com.br\/se\/wp-content\/uploads\/2013\/06\/acidente_moto_gildo_g4.jpg\" alt=\"\" width=\"589\" height=\"442\" srcset=\"https:\/\/senoticias.com.br\/se\/wp-content\/uploads\/2013\/06\/acidente_moto_gildo_g4.jpg 589w, https:\/\/senoticias.com.br\/se\/wp-content\/uploads\/2013\/06\/acidente_moto_gildo_g4-300x225.jpg 300w, https:\/\/senoticias.com.br\/se\/wp-content\/uploads\/2013\/06\/acidente_moto_gildo_g4-342x256.jpg 342w, https:\/\/senoticias.com.br\/se\/wp-content\/uploads\/2013\/06\/acidente_moto_gildo_g4-60x45.jpg 60w, https:\/\/senoticias.com.br\/se\/wp-content\/uploads\/2013\/06\/acidente_moto_gildo_g4-150x113.jpg 150w, https:\/\/senoticias.com.br\/se\/wp-content\/uploads\/2013\/06\/acidente_moto_gildo_g4-269x201.jpg 269w\" sizes=\"(max-width: 589px) 100vw, 589px\" \/><\/a><p id=\"caption-attachment-49105\" class=\"wp-caption-text\">Gildo dos Santos Lima, 29 anos, morreu no in\u00edcio da manh\u00e3 deste domingo, dia 09. (Foto: Gilson de Oliveira)<\/p><\/div>\n<p style=\"text-align: justify;\">Na Rodovia 175, na altura do povoado Oiteiro do Capim, munic\u00edpio de Itabaiana, no Agreste Sergipano, o motociclista Gildo dos Santos Lima, 29 anos, morreu no in\u00edcio da manh\u00e3 deste domingo, dia 09, ap\u00f3s perder o controle do ve\u00edculo de duas rodas, bater em uma cerca de arame farpado e invadir um terreno \u00e0s margens da estrada.<\/p>\n<p style=\"text-align: justify;\">Com o impacto, a motocicleta Honda, modelo CG 150, com placa EQR &#8211; 3316\/SE, licenciada em Itabaiana, ficou completamente destru\u00edda.<\/p>\n<p style=\"text-align: justify;\">O acidente aconteceu no sentido Ribeir\u00f3polis \u00e0 Itabaiana entre \u00e0s 4h e 5h, no entanto, a pol\u00edcia s\u00f3 foi comunicada por volta das 6h30, inclusive ao chegar ao local a guarni\u00e7\u00e3o, composta pelo SGT Figueiredo, o aluno do curso de SGT Ferreira e o soldado Everaldo, encontrou a v\u00edtima ainda com vida.<\/p>\n<p style=\"text-align: justify;\">De imediato, o Servi\u00e7o de Atendimento M\u00f3vel de Urg\u00eancia (SAMU) foi acionado, mas a ambul\u00e2ncia n\u00e3o pode deixar a base de Itabaiana por falta de motorista, de acordo com informa\u00e7\u00f5es passadas aos militares.<\/p>\n<p style=\"text-align: justify;\">Ap\u00f3s quase uma hora agonizando a espera por socorro uma ambul\u00e2ncia da base de Ribeir\u00f3polis foi deslocada para o atendimento \u00e0 v\u00edtima, por\u00e9m quando a equipe chegou ao local do acidente, o motociclista j\u00e1 havia evolu\u00eddo a \u00f3bito.<\/p>\n","protected":false},"excerpt":{"rendered":"<p>por Gilson de Oliveira, Itnet Na Rodovia 175, na altura do povoado Oiteiro do Capim, munic\u00edpio de Itabaiana, no Agreste Sergipano, o motociclista Gildo dos Santos Lima, 29 anos, morreu no in\u00edcio da manh\u00e3 deste domingo, dia 09, ap\u00f3s perder o controle do ve\u00edculo de duas rodas, bater em uma cerca de arame farpado e [&hellip;]<\/p>\n","protected":false},"author":1,"featured_media":49105,"comment_status":"closed","ping_status":"closed","sticky":false,"template":"","format":"standard","meta":{"footnotes":""},"categories":[7],"tags":[],"class_list":{"0":"post-49103","1":"post","2":"type-post","3":"status-publish","4":"format-standard","5":"has-post-thumbnail","7":"category-policia"},"_links":{"self":[{"href":"https:\/\/senoticias.com.br\/se\/wp-json\/wp\/v2\/posts\/49103"}],"collection":[{"href":"https:\/\/senoticias.com.br\/se\/wp-json\/wp\/v2\/posts"}],"about":[{"href":"https:\/\/senoticias.com.br\/se\/wp-json\/wp\/v2\/types\/post"}],"author":[{"embeddable":true,"href":"https:\/\/senoticias.com.br\/se\/wp-json\/wp\/v2\/users\/1"}],"replies":[{"embeddable":true,"href":"https:\/\/senoticias.com.br\/se\/wp-json\/wp\/v2\/comments?post=49103"}],"version-history":[{"count":0,"href":"https:\/\/senoticias.com.br\/se\/wp-json\/wp\/v2\/posts\/49103\/revisions"}],"wp:featuredmedia":[{"embeddable":true,"href":"https:\/\/senoticias.com.br\/se\/wp-json\/wp\/v2\/media\/49105"}],"wp:attachment":[{"href":"https:\/\/senoticias.com.br\/se\/wp-json\/wp\/v2\/media?parent=49103"}],"wp:term":[{"taxonomy":"category","embeddable":true,"href":"https:\/\/senoticias.com.br\/se\/wp-json\/wp\/v2\/categories?post=49103"},{"taxonomy":"post_tag","embeddable":true,"href":"https:\/\/senoticias.com.br\/se\/wp-json\/wp\/v2\/tags?post=49103"}],"curies":[{"name":"wp","href":"https:\/\/api.w.org\/{rel}","templated":true}]}}