{"id":49101,"date":"2013-06-09T19:59:35","date_gmt":"2013-06-09T22:59:35","guid":{"rendered":"http:\/\/senoticias.com.br\/se\/?p=49101"},"modified":"2013-06-09T20:02:43","modified_gmt":"2013-06-09T23:02:43","slug":"programacao-sao-pedro-em-capela-e-divulgada","status":"publish","type":"post","link":"https:\/\/senoticias.com.br\/se\/programacao-sao-pedro-em-capela-e-divulgada\/","title":{"rendered":"Prefeitura de Capela divulga programa\u00e7\u00e3o oficial do S\u00e3o Pedro 2013"},"content":{"rendered":"<h5><em><strong>Do G1 SE<\/strong><\/em><\/h5>\n<p><strong>Festa vai ser realizada entre os dias 28 e 30 de junho.<\/strong><br \/>\n<strong> Avi\u00f5es do Forr\u00f3, Calcinha Preta e Garota Safada s\u00e3o as principais atra\u00e7\u00f5es.<\/strong><\/p>\n<p>&nbsp;<\/p>\n<div id=\"attachment_47672\" style=\"width: 606px\" class=\"wp-caption aligncenter\"><a href=\"http:\/\/senoticias.com.br\/se\/wp-content\/uploads\/2013\/05\/Avioes.jpg\"><img loading=\"lazy\" decoding=\"async\" aria-describedby=\"caption-attachment-47672\" class=\"size-full wp-image-47672\" title=\"Avioes\" src=\"http:\/\/senoticias.com.br\/se\/wp-content\/uploads\/2013\/05\/Avioes.jpg\" alt=\"\" width=\"596\" height=\"447\" srcset=\"https:\/\/senoticias.com.br\/se\/wp-content\/uploads\/2013\/05\/Avioes.jpg 596w, https:\/\/senoticias.com.br\/se\/wp-content\/uploads\/2013\/05\/Avioes-300x225.jpg 300w, https:\/\/senoticias.com.br\/se\/wp-content\/uploads\/2013\/05\/Avioes-342x256.jpg 342w, https:\/\/senoticias.com.br\/se\/wp-content\/uploads\/2013\/05\/Avioes-60x45.jpg 60w, https:\/\/senoticias.com.br\/se\/wp-content\/uploads\/2013\/05\/Avioes-150x113.jpg 150w, https:\/\/senoticias.com.br\/se\/wp-content\/uploads\/2013\/05\/Avioes-269x201.jpg 269w\" sizes=\"(max-width: 596px) 100vw, 596px\" \/><\/a><p id=\"caption-attachment-47672\" class=\"wp-caption-text\">Avi\u00f5es do Forr\u00f3 &quot;far\u00e1&quot; show no S\u00e3o Pedro de Capela. (Foto: Fl\u00e1vio Antunes\/G1 )<\/p><\/div>\n<p style=\"text-align: justify;\">A Prefeitura de Capela divulgou a programa\u00e7\u00e3o tradicional de &#8216;S\u00e3o Pedro&#8217; que \u00e9 realizada no munic\u00edpio. A festa vai come\u00e7ar no dia 28 de junho (sexta-feira) e segue at\u00e9 o domingo (30). Entre as atra\u00e7\u00f5es mais aguardadas est\u00e3o as bandas Avi\u00f5es do Forr\u00f3, Calcinha Preta, Garota Safada, Fogo na Saia e o cantor baiano Adem\u00e1rio Coelho.<\/p>\n<p><strong>Confira a programa\u00e7\u00e3o completa<\/strong><\/p>\n<p><strong>28 de Junho (sexta-feira)<\/strong><br \/>\n&#8211; Avi\u00f5es do Forr\u00f3<br \/>\n&#8211; Roj\u00e3o Diferente<br \/>\n&#8211; Mauricinhos do Forr\u00f3<br \/>\n&#8211; Mach\u00f5es do Forr\u00f3<\/p>\n<p><strong>29 de Junho (s\u00e1bado)<\/strong><br \/>\n&#8211; Ciganos do Arrocha<br \/>\n&#8211; Danielzinho<br \/>\n&#8211; Adelm\u00e1rio Coelho<br \/>\n&#8211; Garota Safada<br \/>\n&#8211; Somos Loucos por Forr\u00f3<br \/>\n30 de Junho (domingo)<br \/>\n-Banana Nativa<br \/>\n&#8211; Pared\u00f5es do Forr\u00f3<br \/>\n&#8211; Correia dos Oito Baixos<br \/>\n&#8211; Fogo na Saia<br \/>\n&#8211; Calcinha Preta<br \/>\n&#8211; Mulheres Perdidas<br \/>\n&#8211; Pense N&#8217;Eu<\/p>\n","protected":false},"excerpt":{"rendered":"<p>Do G1 SE Festa vai ser realizada entre os dias 28 e 30 de junho. Avi\u00f5es do Forr\u00f3, Calcinha Preta e Garota Safada s\u00e3o as principais atra\u00e7\u00f5es. &nbsp; A Prefeitura de Capela divulgou a programa\u00e7\u00e3o tradicional de &#8216;S\u00e3o Pedro&#8217; que \u00e9 realizada no munic\u00edpio. A festa vai come\u00e7ar no dia 28 de junho (sexta-feira) e [&hellip;]<\/p>\n","protected":false},"author":1,"featured_media":47672,"comment_status":"closed","ping_status":"closed","sticky":false,"template":"","format":"standard","meta":{"footnotes":""},"categories":[160,38],"tags":[],"class_list":{"0":"post-49101","1":"post","2":"type-post","3":"status-publish","4":"format-standard","5":"has-post-thumbnail","7":"category-festas-juninas","8":"category-municipios"},"_links":{"self":[{"href":"https:\/\/senoticias.com.br\/se\/wp-json\/wp\/v2\/posts\/49101"}],"collection":[{"href":"https:\/\/senoticias.com.br\/se\/wp-json\/wp\/v2\/posts"}],"about":[{"href":"https:\/\/senoticias.com.br\/se\/wp-json\/wp\/v2\/types\/post"}],"author":[{"embeddable":true,"href":"https:\/\/senoticias.com.br\/se\/wp-json\/wp\/v2\/users\/1"}],"replies":[{"embeddable":true,"href":"https:\/\/senoticias.com.br\/se\/wp-json\/wp\/v2\/comments?post=49101"}],"version-history":[{"count":0,"href":"https:\/\/senoticias.com.br\/se\/wp-json\/wp\/v2\/posts\/49101\/revisions"}],"wp:featuredmedia":[{"embeddable":true,"href":"https:\/\/senoticias.com.br\/se\/wp-json\/wp\/v2\/media\/47672"}],"wp:attachment":[{"href":"https:\/\/senoticias.com.br\/se\/wp-json\/wp\/v2\/media?parent=49101"}],"wp:term":[{"taxonomy":"category","embeddable":true,"href":"https:\/\/senoticias.com.br\/se\/wp-json\/wp\/v2\/categories?post=49101"},{"taxonomy":"post_tag","embeddable":true,"href":"https:\/\/senoticias.com.br\/se\/wp-json\/wp\/v2\/tags?post=49101"}],"curies":[{"name":"wp","href":"https:\/\/api.w.org\/{rel}","templated":true}]}}