{"id":49095,"date":"2013-06-09T18:36:40","date_gmt":"2013-06-09T21:36:40","guid":{"rendered":"http:\/\/senoticias.com.br\/se\/?p=49095"},"modified":"2013-06-09T18:36:40","modified_gmt":"2013-06-09T21:36:40","slug":"tres-homens-sao-assassinados-no-bairro-siqueira-campos-em-aracaju","status":"publish","type":"post","link":"https:\/\/senoticias.com.br\/se\/tres-homens-sao-assassinados-no-bairro-siqueira-campos-em-aracaju\/","title":{"rendered":"Tr\u00eas homens s\u00e3o assassinados no Bairro Siqueira Campos em Aracaju"},"content":{"rendered":"<h5><em><strong>G1 SE<\/strong><\/em><\/h5>\n<div id=\"attachment_21098\" style=\"width: 310px\" class=\"wp-caption alignleft\"><a href=\"http:\/\/senoticias.com.br\/se\/wp-content\/uploads\/2011\/12\/IML.jpg\"><img loading=\"lazy\" decoding=\"async\" aria-describedby=\"caption-attachment-21098\" class=\"size-medium wp-image-21098\" title=\"IML\" src=\"http:\/\/senoticias.com.br\/se\/wp-content\/uploads\/2011\/12\/IML-300x225.jpg\" alt=\"\" width=\"300\" height=\"225\" srcset=\"https:\/\/senoticias.com.br\/se\/wp-content\/uploads\/2011\/12\/IML-300x225.jpg 300w, https:\/\/senoticias.com.br\/se\/wp-content\/uploads\/2011\/12\/IML-342x256.jpg 342w, https:\/\/senoticias.com.br\/se\/wp-content\/uploads\/2011\/12\/IML-60x45.jpg 60w, https:\/\/senoticias.com.br\/se\/wp-content\/uploads\/2011\/12\/IML-150x113.jpg 150w, https:\/\/senoticias.com.br\/se\/wp-content\/uploads\/2011\/12\/IML-269x201.jpg 269w, https:\/\/senoticias.com.br\/se\/wp-content\/uploads\/2011\/12\/IML.jpg 500w\" sizes=\"(max-width: 300px) 100vw, 300px\" \/><\/a><p id=\"caption-attachment-21098\" class=\"wp-caption-text\">Os tr\u00eas corpos foram removidos para o IML. (Reprodu\u00e7\u00e3o)<\/p><\/div>\n<p style=\"text-align: justify;\">O Instituto M\u00e9dico Legal de Sergipe recebeu por volta das 6h deste domingo (09) tr\u00eas corpos de homens que foram assassinados com arma de fogo nesta madrugada no Bairro Siqueira Campos, em Aracaju. Os crimes foram realizados no cruzamento entre as ruas Natal com Mato Grosso.<\/p>\n<p style=\"text-align: justify;\">Outros assassinatos foram registrados nas primeiras horas deste domingo. Um homem de 35 anos foi morto no Loteamento Porto do Gringo em Aracaju e um homic\u00eddio foi realizado Rua Bar\u00e3o do Rio Branco em Santa Luzia do Itanhy que teve um homem de 49 anos como v\u00edtima.<\/p>\n","protected":false},"excerpt":{"rendered":"<p>G1 SE O Instituto M\u00e9dico Legal de Sergipe recebeu por volta das 6h deste domingo (09) tr\u00eas corpos de homens que foram assassinados com arma de fogo nesta madrugada no Bairro Siqueira Campos, em Aracaju. Os crimes foram realizados no cruzamento entre as ruas Natal com Mato Grosso. Outros assassinatos foram registrados nas primeiras horas [&hellip;]<\/p>\n","protected":false},"author":1,"featured_media":21098,"comment_status":"closed","ping_status":"closed","sticky":false,"template":"","format":"standard","meta":{"footnotes":""},"categories":[7],"tags":[],"class_list":{"0":"post-49095","1":"post","2":"type-post","3":"status-publish","4":"format-standard","5":"has-post-thumbnail","7":"category-policia"},"_links":{"self":[{"href":"https:\/\/senoticias.com.br\/se\/wp-json\/wp\/v2\/posts\/49095"}],"collection":[{"href":"https:\/\/senoticias.com.br\/se\/wp-json\/wp\/v2\/posts"}],"about":[{"href":"https:\/\/senoticias.com.br\/se\/wp-json\/wp\/v2\/types\/post"}],"author":[{"embeddable":true,"href":"https:\/\/senoticias.com.br\/se\/wp-json\/wp\/v2\/users\/1"}],"replies":[{"embeddable":true,"href":"https:\/\/senoticias.com.br\/se\/wp-json\/wp\/v2\/comments?post=49095"}],"version-history":[{"count":0,"href":"https:\/\/senoticias.com.br\/se\/wp-json\/wp\/v2\/posts\/49095\/revisions"}],"wp:featuredmedia":[{"embeddable":true,"href":"https:\/\/senoticias.com.br\/se\/wp-json\/wp\/v2\/media\/21098"}],"wp:attachment":[{"href":"https:\/\/senoticias.com.br\/se\/wp-json\/wp\/v2\/media?parent=49095"}],"wp:term":[{"taxonomy":"category","embeddable":true,"href":"https:\/\/senoticias.com.br\/se\/wp-json\/wp\/v2\/categories?post=49095"},{"taxonomy":"post_tag","embeddable":true,"href":"https:\/\/senoticias.com.br\/se\/wp-json\/wp\/v2\/tags?post=49095"}],"curies":[{"name":"wp","href":"https:\/\/api.w.org\/{rel}","templated":true}]}}