{"id":49092,"date":"2013-06-09T15:34:50","date_gmt":"2013-06-09T18:34:50","guid":{"rendered":"http:\/\/senoticias.com.br\/se\/?p=49092"},"modified":"2013-06-10T15:10:51","modified_gmt":"2013-06-10T18:10:51","slug":"quase-14-mil-vagas-abertas-em-concursos-pelo-pais","status":"publish","type":"post","link":"https:\/\/senoticias.com.br\/se\/quase-14-mil-vagas-abertas-em-concursos-pelo-pais\/","title":{"rendered":"Quase 14 mil vagas abertas em concursos pelo pa\u00eds"},"content":{"rendered":"<p><em><strong>por Mario Coelho, do congresso em foco<\/strong><\/em><\/p>\n<p>&nbsp;<\/p>\n<div id=\"attachment_49093\" style=\"width: 300px\" class=\"wp-caption alignleft\"><a href=\"http:\/\/senoticias.com.br\/se\/wp-content\/uploads\/2013\/06\/mpdftdivulgacao.jpg\"><img loading=\"lazy\" decoding=\"async\" aria-describedby=\"caption-attachment-49093\" class=\"size-full wp-image-49093\" title=\"\" src=\"http:\/\/senoticias.com.br\/se\/wp-content\/uploads\/2013\/06\/mpdftdivulgacao.jpg\" alt=\"\" width=\"290\" height=\"280\" \/><\/a><p id=\"caption-attachment-49093\" class=\"wp-caption-text\">Concurso do Minist\u00e9rio P\u00fablico do DF vai selecionar nove pessoas para os quadros do \u00f3rg\u00e3o.(Divulga\u00e7\u00e3o\/MPDFT)<\/p><\/div>\n<p style=\"text-align: justify;\">Al\u00e9m das vagas em cadastro reserva, os concursos com inscri\u00e7\u00f5es abertas em todo o pa\u00eds somam 13.890 oportunidades para quem quer seguir carreira no setor p\u00fablico. Somente nesta semana foram 19 novos processos de sele\u00e7\u00f5es. Entre eles, os da prefeitura de Luzi\u00e2nia (GO), com 1.933 vagas, da Pol\u00edcia Civil do Rio Grande do Sul, com 700, e a Companhia de Pesquisa de Recursos Minerais (CPRM), com 355.<\/p>\n<p style=\"text-align: justify;\">Os concursos abertos s\u00e3o para diferentes n\u00edveis de forma\u00e7\u00e3o e para diferentes \u00e1reas do poder p\u00fablico. A sele\u00e7\u00e3o para o BHTrans, por exemplo, seleciona candidatos com ensino m\u00e9dio, t\u00e9cnico e superior. S\u00e3o 118 vagas e sal\u00e1rios chegando a R$ 5.287. O maior vencimento \u00e9 o do Minist\u00e9rio P\u00fablico do Distrito Federal (MPDF). S\u00e3o sete oportunidades com subs\u00eddio de R$ 22.854,46.<\/p>\n<p style=\"text-align: justify;\">A prefeitura de Luzi\u00e2nia tem sal\u00e1rios de at\u00e9 R$ 1.693,63 e a sele\u00e7\u00e3o \u00e9 para n\u00edvel m\u00e9dio e superior. As inscri\u00e7\u00f5es terminam em 7 de julho. Outra novidade na lista \u00e9 da CPRM. A institui\u00e7\u00e3o busca preencher 355 vagas para ensino m\u00e9dio e superior. Os vencimentos s\u00e3o de at\u00e9 R$ 6.235,53.<\/p>\n<p style=\"text-align: justify;\"><a href=\"http:\/\/congressoemfoco.uol.com.br\/concursos\/lista-de-concursos\/\" target=\"_blank\"><strong>Veja aqui a rela\u00e7\u00e3o dos concursos com inscri\u00e7\u00f5es abertas<\/strong><\/a><\/p>\n","protected":false},"excerpt":{"rendered":"<p>por Mario Coelho, do congresso em foco &nbsp; Al\u00e9m das vagas em cadastro reserva, os concursos com inscri\u00e7\u00f5es abertas em todo o pa\u00eds somam 13.890 oportunidades para quem quer seguir carreira no setor p\u00fablico. Somente nesta semana foram 19 novos processos de sele\u00e7\u00f5es. Entre eles, os da prefeitura de Luzi\u00e2nia (GO), com 1.933 vagas, da [&hellip;]<\/p>\n","protected":false},"author":1,"featured_media":49093,"comment_status":"closed","ping_status":"closed","sticky":false,"template":"","format":"standard","meta":{"footnotes":""},"categories":[9,310],"tags":[],"class_list":{"0":"post-49092","1":"post","2":"type-post","3":"status-publish","4":"format-standard","5":"has-post-thumbnail","7":"category-concursos","8":"category-destaques-da-semana"},"_links":{"self":[{"href":"https:\/\/senoticias.com.br\/se\/wp-json\/wp\/v2\/posts\/49092"}],"collection":[{"href":"https:\/\/senoticias.com.br\/se\/wp-json\/wp\/v2\/posts"}],"about":[{"href":"https:\/\/senoticias.com.br\/se\/wp-json\/wp\/v2\/types\/post"}],"author":[{"embeddable":true,"href":"https:\/\/senoticias.com.br\/se\/wp-json\/wp\/v2\/users\/1"}],"replies":[{"embeddable":true,"href":"https:\/\/senoticias.com.br\/se\/wp-json\/wp\/v2\/comments?post=49092"}],"version-history":[{"count":0,"href":"https:\/\/senoticias.com.br\/se\/wp-json\/wp\/v2\/posts\/49092\/revisions"}],"wp:featuredmedia":[{"embeddable":true,"href":"https:\/\/senoticias.com.br\/se\/wp-json\/wp\/v2\/media\/49093"}],"wp:attachment":[{"href":"https:\/\/senoticias.com.br\/se\/wp-json\/wp\/v2\/media?parent=49092"}],"wp:term":[{"taxonomy":"category","embeddable":true,"href":"https:\/\/senoticias.com.br\/se\/wp-json\/wp\/v2\/categories?post=49092"},{"taxonomy":"post_tag","embeddable":true,"href":"https:\/\/senoticias.com.br\/se\/wp-json\/wp\/v2\/tags?post=49092"}],"curies":[{"name":"wp","href":"https:\/\/api.w.org\/{rel}","templated":true}]}}