{"id":47946,"date":"2013-05-13T06:37:15","date_gmt":"2013-05-13T09:37:15","guid":{"rendered":"http:\/\/senoticias.com.br\/se\/?p=47946"},"modified":"2013-05-18T13:00:42","modified_gmt":"2013-05-18T16:00:42","slug":"sao-cristovao-o-berco-da-impunidade","status":"publish","type":"post","link":"https:\/\/senoticias.com.br\/se\/sao-cristovao-o-berco-da-impunidade\/","title":{"rendered":"S\u00e3o Crist\u00f3v\u00e3o: o ber\u00e7o da impunidade."},"content":{"rendered":"<p><em><strong>*Jo\u00e3o Garcez<\/strong><\/em><\/p>\n<p>&nbsp;<\/p>\n<p style=\"text-align: justify;\"><a href=\"http:\/\/senoticias.com.br\/se\/wp-content\/uploads\/2013\/05\/20130408_123109.jpg\"><img loading=\"lazy\" decoding=\"async\" class=\"alignleft size-thumbnail wp-image-47952\" title=\"Jo\u00e3o Garcez\" src=\"http:\/\/senoticias.com.br\/se\/wp-content\/uploads\/2013\/05\/20130408_123109-150x150.jpg\" alt=\"\" width=\"150\" height=\"150\" srcset=\"https:\/\/senoticias.com.br\/se\/wp-content\/uploads\/2013\/05\/20130408_123109-150x150.jpg 150w, https:\/\/senoticias.com.br\/se\/wp-content\/uploads\/2013\/05\/20130408_123109-50x50.jpg 50w, https:\/\/senoticias.com.br\/se\/wp-content\/uploads\/2013\/05\/20130408_123109-70x70.jpg 70w, https:\/\/senoticias.com.br\/se\/wp-content\/uploads\/2013\/05\/20130408_123109-55x55.jpg 55w\" sizes=\"(max-width: 150px) 100vw, 150px\" \/><\/a>\u00c9 com muita tristeza e revolta que estou assistindo de perto, pois moro em S\u00e3o Crist\u00f3v\u00e3o, os desmandos que est\u00e3o ocorrendo em nossa cidade. Um <strong><em><span style=\"text-decoration: underline;\">indiv\u00edduo<\/span><\/em><\/strong> que causou \u201cpreju\u00edzo ao er\u00e1rio\u201d, que promoveu seu \u201cenriquecimento il\u00edcito\u201d e que dep\u00f5e contra si \u201ca ofensa aos princ\u00edpios da moralidade e legalidade\u201d, conforme afirmou o competente Juiz de Direito Manoel da Costa Neto em senten\u00e7a prolatada, esta aterrorizando o povo da 4\u00aa cidade mais antiga do Pa\u00eds.<\/p>\n<p style=\"text-align: justify;\">A situa\u00e7\u00e3o atual da nossa cidade \u00e9 o verdadeiro retrato da descren\u00e7a e da falta de esperan\u00e7a em dias melhores e o medo de um <strong><em><span style=\"text-decoration: underline;\">ditador.<\/span><\/em><\/strong> Professores com sal\u00e1rios reduzidos e atrasados est\u00e3o em greve por tempo indeterminado, e o que \u00e9 pior, amea\u00e7ados de demiss\u00e3o por justa causa; a taxa de ilumina\u00e7\u00e3o p\u00fablica foi reajustada em \u00edndices at\u00e9 hoje n\u00e3o divulgados; o IPTU praticamente dobrou o valor; a \u00e1gua n\u00e3o chega \u00e0s torneiras das casas do centro hist\u00f3rico a cerca de seis (seis) meses e mesmo assim \u00e9 mandado cortar a liga\u00e7\u00e3o de quem n\u00e3o apresenta comprovantes de contas de 08 (oito) anos atr\u00e1s; o hospital, que \u00e9 administrado por uma institui\u00e7\u00e3o filantr\u00f3pica teve as suas obras de reforma embargadas, por pura persegui\u00e7\u00e3o pol\u00edtica e os comerciantes est\u00e3o fechando as suas portas porque o dinheiro deixou de circular no munic\u00edpio.<\/p>\n<p style=\"text-align: justify;\">Para piorar a situa\u00e7\u00e3o, um projeto de lei complementar n\u00ba 04 de 06 de maio de 2013, que esta tramitando na C\u00e2mara de Vereadores, tenta institucionalizar os desmandos administrativos que vem ocorrendo em S\u00e3o Crist\u00f3v\u00e3o, atribuindo todos os poderes ao <strong><em><span style=\"text-decoration: underline;\">poderoso chef\u00e3o<\/span><\/em><\/strong>, sen\u00e3o vejamos, o referido projeto pro\u00edbe a chefe do executivo de assinar cheques, ordens de saque ou de pagamento, notas de empenho e outros documentos de ordem financeira e cont\u00e1bil, e mais, homologar processos licitat\u00f3rios e assinar contratos, conv\u00eanios e outros ajustes, excetuando \u201cpor motivo de interesse p\u00fablico relevante\u201d.<\/p>\n<p style=\"text-align: justify;\">Esse mesmo projeto cria centenas de cargos comissionados, novas secretarias e jetons em conselhos. O que demonstra a farsa que tentam passar para sociedade sergipana, atribuindo \u00e0 S\u00e3o Crist\u00f3v\u00e3o o rotulo de munic\u00edpio falido.<\/p>\n<p style=\"text-align: justify;\">Quero concluir citando Martin Luther king: <strong><em>\u201cO que mais preocupa n\u00e3o \u00e9 o grito dos violentos, nem dos corruptos, nem dos desonestos, nem dos sem car\u00e1ter, nem dos sem \u00e9tica. O que mais preocupa \u00e9 o sil\u00eancio dos bons\u201d.<\/em><\/strong><\/p>\n<p style=\"text-align: justify;\"><strong><em>\u00a0<em><strong>Jo\u00e3o Garcez<\/strong><\/em><br \/>\nAdvogado e morador de S\u00e3o Crist\u00f3v\u00e3o\/SE.<\/em><\/strong><\/p>\n<p style=\"text-align: justify;\">\n","protected":false},"excerpt":{"rendered":"<p>*Jo\u00e3o Garcez &nbsp; \u00c9 com muita tristeza e revolta que estou assistindo de perto, pois moro em S\u00e3o Crist\u00f3v\u00e3o, os desmandos que est\u00e3o ocorrendo em nossa cidade. Um indiv\u00edduo que causou \u201cpreju\u00edzo ao er\u00e1rio\u201d, que promoveu seu \u201cenriquecimento il\u00edcito\u201d e que dep\u00f5e contra si \u201ca ofensa aos princ\u00edpios da moralidade e legalidade\u201d, conforme afirmou o [&hellip;]<\/p>\n","protected":false},"author":1,"featured_media":47952,"comment_status":"closed","ping_status":"closed","sticky":false,"template":"","format":"standard","meta":{"footnotes":""},"categories":[37,38,6,3],"tags":[],"class_list":{"0":"post-47946","1":"post","2":"type-post","3":"status-publish","4":"format-standard","5":"has-post-thumbnail","7":"category-artigos","8":"category-municipios","9":"category-politica","10":"category-saocristovao"},"_links":{"self":[{"href":"https:\/\/senoticias.com.br\/se\/wp-json\/wp\/v2\/posts\/47946"}],"collection":[{"href":"https:\/\/senoticias.com.br\/se\/wp-json\/wp\/v2\/posts"}],"about":[{"href":"https:\/\/senoticias.com.br\/se\/wp-json\/wp\/v2\/types\/post"}],"author":[{"embeddable":true,"href":"https:\/\/senoticias.com.br\/se\/wp-json\/wp\/v2\/users\/1"}],"replies":[{"embeddable":true,"href":"https:\/\/senoticias.com.br\/se\/wp-json\/wp\/v2\/comments?post=47946"}],"version-history":[{"count":0,"href":"https:\/\/senoticias.com.br\/se\/wp-json\/wp\/v2\/posts\/47946\/revisions"}],"wp:featuredmedia":[{"embeddable":true,"href":"https:\/\/senoticias.com.br\/se\/wp-json\/wp\/v2\/media\/47952"}],"wp:attachment":[{"href":"https:\/\/senoticias.com.br\/se\/wp-json\/wp\/v2\/media?parent=47946"}],"wp:term":[{"taxonomy":"category","embeddable":true,"href":"https:\/\/senoticias.com.br\/se\/wp-json\/wp\/v2\/categories?post=47946"},{"taxonomy":"post_tag","embeddable":true,"href":"https:\/\/senoticias.com.br\/se\/wp-json\/wp\/v2\/tags?post=47946"}],"curies":[{"name":"wp","href":"https:\/\/api.w.org\/{rel}","templated":true}]}}