{"id":47789,"date":"2013-05-08T17:45:00","date_gmt":"2013-05-08T20:45:00","guid":{"rendered":"http:\/\/senoticias.com.br\/se\/?p=47789"},"modified":"2013-05-08T17:58:51","modified_gmt":"2013-05-08T20:58:51","slug":"foco-da-prf-na-fiscalizacao-dos-veiculos-de-duas-rodas-reduz-numero-de-acidentes-com-motocicletas-nas-rodovias-federais-em-sergipe","status":"publish","type":"post","link":"https:\/\/senoticias.com.br\/se\/foco-da-prf-na-fiscalizacao-dos-veiculos-de-duas-rodas-reduz-numero-de-acidentes-com-motocicletas-nas-rodovias-federais-em-sergipe\/","title":{"rendered":"Foco da PRF na fiscaliza\u00e7\u00e3o dos ve\u00edculos de duas rodas reduz n\u00famero de acidentes com motocicletas nas rodovias federais em Sergipe"},"content":{"rendered":"<p>&nbsp;<\/p>\n<p>&nbsp;<\/p>\n<div id=\"attachment_43155\" style=\"width: 235px\" class=\"wp-caption alignleft\"><a href=\"http:\/\/senoticias.com.br\/se\/wp-content\/uploads\/2013\/01\/materia-motos_colisao_130113.jpg\"><img loading=\"lazy\" decoding=\"async\" aria-describedby=\"caption-attachment-43155\" class=\"size-full wp-image-43155\" title=\"materia-motos_colisao_130113\" src=\"http:\/\/senoticias.com.br\/se\/wp-content\/uploads\/2013\/01\/materia-motos_colisao_130113.jpg\" alt=\"\" width=\"225\" height=\"169\" srcset=\"https:\/\/senoticias.com.br\/se\/wp-content\/uploads\/2013\/01\/materia-motos_colisao_130113.jpg 225w, https:\/\/senoticias.com.br\/se\/wp-content\/uploads\/2013\/01\/materia-motos_colisao_130113-60x45.jpg 60w, https:\/\/senoticias.com.br\/se\/wp-content\/uploads\/2013\/01\/materia-motos_colisao_130113-150x113.jpg 150w\" sizes=\"(max-width: 225px) 100vw, 225px\" \/><\/a><p id=\"caption-attachment-43155\" class=\"wp-caption-text\">Motos colidem na BR (Fotos cedida pelo policial rodovi\u00e1rio S\u00edlvio Mota)<\/p><\/div>\n<p style=\"text-align: justify;\">Nos primeiros quatro meses de 2013 houve uma redu\u00e7\u00e3o de 6,25% dos acidentes envolvendo motocicletas, motonetas e ciclomotores nas rodovias federais do estado de Sergipe, em compara\u00e7\u00e3o com o mesmo quadrimestre do ano anterior. Conforme avalia\u00e7\u00e3o do Chefe da Se\u00e7\u00e3o de Policiamento e Fiscaliza\u00e7\u00e3o da Pol\u00edcia Rodovi\u00e1ria Federal em Sergipe \u2013 PRF\/SE, Inspetor Alvino Domingues, essa redu\u00e7\u00e3o de acidentes reflete o resultado do aumento da fiscaliza\u00e7\u00e3o focada nesse tipo de ve\u00edculo.<\/p>\n<p style=\"text-align: justify;\">A PRF trabalha continuamente com a execu\u00e7\u00e3o de planejamentos operacionais voltados para a redu\u00e7\u00e3o de acidentes de tr\u00e2nsito nas rodovias federais. Para o ano de 2013 est\u00e1 estabelicida como uma das principais metas desses planejamentos a fiscaliza\u00e7\u00e3o rigorosa do tr\u00e1fego de ve\u00edculos de duas rodas. \u201cEm Sergipe, em harmonia com as diretrizes nacionais, a PRF vem orientando os policiais a intensificar a fiscaliza\u00e7\u00e3o de motocicletas, motonetas e ciclomotores\u201d, ressalta o Inspetor Alvino Domingues.<\/p>\n<p style=\"text-align: justify;\">As fiscaliza\u00e7\u00f5es da PRF voltadas especificamente para ve\u00edculos de duas rodas resultou, entre os meses de janeiro e abril de 2013, em 670 autua\u00e7\u00f5es aplicadas para propriet\u00e1rios ou condutores desses ve\u00edculos, por alguma irregularidade. Dessas autua\u00e7\u00f5es, 46,56% foram aplicadas por condu\u00e7\u00e3o sem uso de capacete, 24,02% por transportar passageiro sem capacete, 13,28% por condu\u00e7\u00e3o com uso do capacete sem viseira ou \u00f3culos de prote\u00e7\u00e3o, 6,56% por conduzir com farois apagados e 9,58% por outras infra\u00e7\u00f5es.<\/p>\n<p style=\"text-align: justify;\">Segundo avalia\u00e7\u00e3o da Se\u00e7\u00e3o de Policiamento e Fiscaliza\u00e7\u00e3o da PRF\/SE, \u00e9 esse esfor\u00e7o de fiscaliza\u00e7\u00e3o que est\u00e1 possibilitando a redu\u00e7\u00e3o do n\u00fameros de acidentes envolvendo motocicletas, motonetas e ciclomotores nas rodovias federais em Sergipe. Al\u00e9m da quantidade total de acidentes, comparando o primeiro quadrimestre dos anos de 2012 e 2013, foi ainda alcan\u00e7ada uma redu\u00e7\u00e3o de 13,77% de feridos e de 27,27% de mortes, relacionadas a acidentes envolvendo ve\u00edculos de duas rodas. Abaixo, seguem algumas tabelas demonstrando as varia\u00e7\u00f5es percentuais e em n\u00fameros absolutos para o per\u00edodo considerado, entre 2012 e 2013.<\/p>\n<p style=\"text-align: justify;\"><em><strong>N\u00facleo de Comunica\u00e7\u00e3o Social<\/strong><\/em><br \/>\n<em><strong>Pol\u00edcia Rodovi\u00e1ria Federal \u2013 Sergipe<\/strong><\/em><\/p>\n","protected":false},"excerpt":{"rendered":"<p>&nbsp; &nbsp; Nos primeiros quatro meses de 2013 houve uma redu\u00e7\u00e3o de 6,25% dos acidentes envolvendo motocicletas, motonetas e ciclomotores nas rodovias federais do estado de Sergipe, em compara\u00e7\u00e3o com o mesmo quadrimestre do ano anterior. Conforme avalia\u00e7\u00e3o do Chefe da Se\u00e7\u00e3o de Policiamento e Fiscaliza\u00e7\u00e3o da Pol\u00edcia Rodovi\u00e1ria Federal em Sergipe \u2013 PRF\/SE, Inspetor [&hellip;]<\/p>\n","protected":false},"author":1,"featured_media":43155,"comment_status":"closed","ping_status":"closed","sticky":false,"template":"","format":"standard","meta":{"footnotes":""},"categories":[7,1],"tags":[],"class_list":{"0":"post-47789","1":"post","2":"type-post","3":"status-publish","4":"format-standard","5":"has-post-thumbnail","7":"category-policia","8":"category-sem-categoria"},"_links":{"self":[{"href":"https:\/\/senoticias.com.br\/se\/wp-json\/wp\/v2\/posts\/47789"}],"collection":[{"href":"https:\/\/senoticias.com.br\/se\/wp-json\/wp\/v2\/posts"}],"about":[{"href":"https:\/\/senoticias.com.br\/se\/wp-json\/wp\/v2\/types\/post"}],"author":[{"embeddable":true,"href":"https:\/\/senoticias.com.br\/se\/wp-json\/wp\/v2\/users\/1"}],"replies":[{"embeddable":true,"href":"https:\/\/senoticias.com.br\/se\/wp-json\/wp\/v2\/comments?post=47789"}],"version-history":[{"count":0,"href":"https:\/\/senoticias.com.br\/se\/wp-json\/wp\/v2\/posts\/47789\/revisions"}],"wp:featuredmedia":[{"embeddable":true,"href":"https:\/\/senoticias.com.br\/se\/wp-json\/wp\/v2\/media\/43155"}],"wp:attachment":[{"href":"https:\/\/senoticias.com.br\/se\/wp-json\/wp\/v2\/media?parent=47789"}],"wp:term":[{"taxonomy":"category","embeddable":true,"href":"https:\/\/senoticias.com.br\/se\/wp-json\/wp\/v2\/categories?post=47789"},{"taxonomy":"post_tag","embeddable":true,"href":"https:\/\/senoticias.com.br\/se\/wp-json\/wp\/v2\/tags?post=47789"}],"curies":[{"name":"wp","href":"https:\/\/api.w.org\/{rel}","templated":true}]}}