{"id":47786,"date":"2013-05-08T15:03:20","date_gmt":"2013-05-08T18:03:20","guid":{"rendered":"http:\/\/senoticias.com.br\/se\/?p=47786"},"modified":"2013-05-10T08:27:51","modified_gmt":"2013-05-10T11:27:51","slug":"pastor-suspeito-de-estuprar-seis-fieis-dizia-que-vitimas-estavam-possuidas","status":"publish","type":"post","link":"https:\/\/senoticias.com.br\/se\/pastor-suspeito-de-estuprar-seis-fieis-dizia-que-vitimas-estavam-possuidas\/","title":{"rendered":"Pastor suspeito de estuprar seis fi\u00e9is dizia que v\u00edtimas estavam &#8216;possu\u00eddas&#8217;"},"content":{"rendered":"<div id=\"attachment_47791\" style=\"width: 310px\" class=\"wp-caption alignleft\"><a href=\"http:\/\/senoticias.com.br\/se\/wp-content\/uploads\/2013\/05\/Pastor-Marcos-Pereira-com-uniforme-da-Secretaria-de-Estado-de-Administracao-Penitenciaria-Seap-size-598.jpg\"><img loading=\"lazy\" decoding=\"async\" aria-describedby=\"caption-attachment-47791\" class=\"size-medium wp-image-47791\" title=\"\" src=\"http:\/\/senoticias.com.br\/se\/wp-content\/uploads\/2013\/05\/Pastor-Marcos-Pereira-com-uniforme-da-Secretaria-de-Estado-de-Administracao-Penitenciaria-Seap-size-598-300x169.jpg\" alt=\"\" width=\"300\" height=\"169\" srcset=\"https:\/\/senoticias.com.br\/se\/wp-content\/uploads\/2013\/05\/Pastor-Marcos-Pereira-com-uniforme-da-Secretaria-de-Estado-de-Administracao-Penitenciaria-Seap-size-598-300x169.jpg 300w, https:\/\/senoticias.com.br\/se\/wp-content\/uploads\/2013\/05\/Pastor-Marcos-Pereira-com-uniforme-da-Secretaria-de-Estado-de-Administracao-Penitenciaria-Seap-size-598-342x192.jpg 342w, https:\/\/senoticias.com.br\/se\/wp-content\/uploads\/2013\/05\/Pastor-Marcos-Pereira-com-uniforme-da-Secretaria-de-Estado-de-Administracao-Penitenciaria-Seap-size-598.jpg 596w\" sizes=\"(max-width: 300px) 100vw, 300px\" \/><\/a><p id=\"caption-attachment-47791\" class=\"wp-caption-text\">Pastor Marcos Pereira com uniforme da Secretaria de Estado de Administra\u00e7\u00e3o Penitenci\u00e1ria (Seap) - Divulga\u00e7\u00e3o<\/p><\/div>\n<p style=\"text-align: justify;\">Marcos Pereira tamb\u00e9m \u00e9 investigado por homic\u00eddio, associa\u00e7\u00e3o ao tr\u00e1fico de drogas e lavagem de dinheiro. Ele foi transferido nesta quarta para o Complexo de Bangu, na Zona Oeste. Trinta pessoas j\u00e1 prestaram depoimento contra o pastor.<\/p>\n<p style=\"text-align: justify;\">A pris\u00e3o ocorreu na Avenida Brasil, quando o pastor seguia em dire\u00e7\u00e3o a Copacabana, na Zona Sul da cidade. Ele estava acompanhado por fi\u00e9is da igreja. Contra Marcos, havia dois mandados expedidos pela Justi\u00e7a.<\/p>\n<p style=\"text-align: justify;\">De acordo com as investiga\u00e7\u00f5es, parte dos crimes ocorreu em um apartamento na Avenida Atl\u00e2ntica, em Copacabana. O local seria usado pelo pastor para promover orgias e viol\u00eancia sexual. O im\u00f3vel, avaliado em R$ 8 milh\u00f5es, est\u00e1 registrado em nome da Assembleia de Deus dos \u00daltimos Dias.<\/p>\n<p style=\"text-align: justify;\">O G1 entrou em contato com a assessoria da Assembleia de Deus dos \u00daltimos Dias, localizada em S\u00e3o Jo\u00e3o de Meriti que informou, por meio de nota que o pastor Marcos Pereira \u00e9 inocente e sua conduta como homem de Deus, prova isso. A assessoria acrecentou ainda que todos est\u00e3o &#8220;indignados com a injusti\u00e7a e que isso n\u00e3o passa de especula\u00e7\u00e3o&#8221;.<\/p>\n<p style=\"text-align: justify;\">O pastor Marcos Pereira ficou conhecido por ajudar na reabilita\u00e7\u00e3o de dependentes qu\u00edmicos e no resgate de criminosos que seriam mortos por traficantes. Em 2004, ele negociou o fim de uma rebeli\u00e3o em um pres\u00eddio do Rio de Janeiro.<\/p>\n<p style=\"text-align: justify;\"><strong>Den\u00fancia foi feita h\u00e1 1 ano<\/strong><\/p>\n<p style=\"text-align: justify;\">O inqu\u00e9rito para investigar a associa\u00e7\u00e3o do pastor Marcos Pereira com tr\u00e1fico foi instaurado h\u00e1 um ano, depois que, em fevereiro de 2012, o l\u00edder do AfroReggae Jos\u00e9 Junior prestou depoimento \u00e0 Comiss\u00e3o de Direitos Humanos da Assembleia Legislativa do Rio de Janeiro (Alerj) sobre supostas amea\u00e7as que o religioso teria feito ao grupo.<\/p>\n<p style=\"text-align: justify;\">Segundo Jos\u00e9 J\u00fanior, o pastor teria tamb\u00e9m participado da onda de ataques cometidas por traficantes no Rio de Janeiro, entre 2006 e 2010. Na ocasi\u00e3o, em nota, o religioso disse que &#8220;durante muitos anos atra\u00edmos o olhar desconfiado de muitas pessoas, o que me colocou sob investiga\u00e7\u00e3o e monitoramento intenso e permanente dos \u00f3rg\u00e3os policiais, sem que nenhuma, repito, nenhuma liga\u00e7\u00e3o minha ou da igreja que presido tenha sido identificada. Trabalhar com criminosos visando a sua recupera\u00e7\u00e3o \u00e9 diferente de se envolver com criminosos, e esta fronteira eu nunca ultrapassei&#8221;.<\/p>\n<p style=\"text-align: justify;\">A partir dessa investiga\u00e7\u00e3o policial apareceram as informa\u00e7\u00f5es sobre estupros. Segundo o delegado M\u00e1rcio Mendon\u00e7a, &#8220;as pessoas tinham medo de denunciar&#8221; porque come\u00e7aram a ser amea\u00e7adas. Segundo os relatos ouvidos pela pol\u00edcia, o medo das v\u00edtimas devia-se ao fato do pastor abrigar criminosos e guardar armas na igreja.<\/p>\n<p style=\"text-align: justify;\">Segundo o delegado, o pastor Marcos Pereira estuprava as v\u00edtimas tamb\u00e9m dentro da igreja, muitas vezes em seu gabinete. &#8220;Na igreja, tem pessoas que prestam servi\u00e7o para ele e que n\u00e3o recebem nada. Elas servem o caf\u00e9, ajudam na limpeza, fazem o almo\u00e7o. Ele se aproveitava e abusava das pessoas naquele local mesmo.&#8221;, disse M\u00e1rcio Mendon\u00e7a, citando ainda que o religioso praticou &#8220;atos agressivos&#8221; e que fazia orgias com homens e mulheres no apartamento em Copacabana.<\/p>\n<p style=\"text-align: justify;\"><strong>Homic\u00eddio<\/strong><\/p>\n<p style=\"text-align: justify;\">Segundo a pol\u00edcia, uma jovem assassinada em 2008 queria denunciar o pastor depois de ter sido vitima de abuso. Tr\u00eas pessoas foram presas suspeitas do crime, entre elas, o sobrinho do religioso.<\/p>\n<p style=\"text-align: justify;\">H\u00e1\u00a0tamb\u00e9m\u00a0uma investiga\u00e7\u00e3o que aponta que, al\u00e9m do homic\u00eddio desta jovem, que j\u00e1 era maior de idade, h\u00e1 outros homic\u00eddios. &#8220;S\u00e3o pessoas que teriam descoberto as orgias e a\u00ed foram assassinadas&#8221;, afirmou o delegado.<\/p>\n<p style=\"text-align: justify;\"><em><strong>Renata Soares, d<\/strong>o <strong>G1 Rio<\/strong><\/em><\/p>\n","protected":false},"excerpt":{"rendered":"<p>Marcos Pereira tamb\u00e9m \u00e9 investigado por homic\u00eddio, associa\u00e7\u00e3o ao tr\u00e1fico de drogas e lavagem de dinheiro. Ele foi transferido nesta quarta para o Complexo de Bangu, na Zona Oeste. Trinta pessoas j\u00e1 prestaram depoimento contra o pastor. A pris\u00e3o ocorreu na Avenida Brasil, quando o pastor seguia em dire\u00e7\u00e3o a Copacabana, na Zona Sul da [&hellip;]<\/p>\n","protected":false},"author":1,"featured_media":47791,"comment_status":"closed","ping_status":"closed","sticky":false,"template":"","format":"standard","meta":{"footnotes":""},"categories":[310,46],"tags":[],"class_list":{"0":"post-47786","1":"post","2":"type-post","3":"status-publish","4":"format-standard","5":"has-post-thumbnail","7":"category-destaques-da-semana","8":"category-religiao"},"_links":{"self":[{"href":"https:\/\/senoticias.com.br\/se\/wp-json\/wp\/v2\/posts\/47786"}],"collection":[{"href":"https:\/\/senoticias.com.br\/se\/wp-json\/wp\/v2\/posts"}],"about":[{"href":"https:\/\/senoticias.com.br\/se\/wp-json\/wp\/v2\/types\/post"}],"author":[{"embeddable":true,"href":"https:\/\/senoticias.com.br\/se\/wp-json\/wp\/v2\/users\/1"}],"replies":[{"embeddable":true,"href":"https:\/\/senoticias.com.br\/se\/wp-json\/wp\/v2\/comments?post=47786"}],"version-history":[{"count":0,"href":"https:\/\/senoticias.com.br\/se\/wp-json\/wp\/v2\/posts\/47786\/revisions"}],"wp:featuredmedia":[{"embeddable":true,"href":"https:\/\/senoticias.com.br\/se\/wp-json\/wp\/v2\/media\/47791"}],"wp:attachment":[{"href":"https:\/\/senoticias.com.br\/se\/wp-json\/wp\/v2\/media?parent=47786"}],"wp:term":[{"taxonomy":"category","embeddable":true,"href":"https:\/\/senoticias.com.br\/se\/wp-json\/wp\/v2\/categories?post=47786"},{"taxonomy":"post_tag","embeddable":true,"href":"https:\/\/senoticias.com.br\/se\/wp-json\/wp\/v2\/tags?post=47786"}],"curies":[{"name":"wp","href":"https:\/\/api.w.org\/{rel}","templated":true}]}}