{"id":47783,"date":"2013-05-08T14:42:11","date_gmt":"2013-05-08T17:42:11","guid":{"rendered":"http:\/\/senoticias.com.br\/se\/?p=47783"},"modified":"2013-05-08T14:43:45","modified_gmt":"2013-05-08T17:43:45","slug":"governo-entrega-novas-viaturas-para-a-policia-militar","status":"publish","type":"post","link":"https:\/\/senoticias.com.br\/se\/governo-entrega-novas-viaturas-para-a-policia-militar\/","title":{"rendered":"Governo entrega novas viaturas para a Pol\u00edcia Militar"},"content":{"rendered":"<div id=\"attachment_47784\" style=\"width: 310px\" class=\"wp-caption alignleft\"><a href=\"http:\/\/senoticias.com.br\/se\/wp-content\/uploads\/2013\/05\/pm1.jpg\"><img loading=\"lazy\" decoding=\"async\" aria-describedby=\"caption-attachment-47784\" class=\"size-medium wp-image-47784\" title=\"SONY DSC\" src=\"http:\/\/senoticias.com.br\/se\/wp-content\/uploads\/2013\/05\/pm1-300x200.jpg\" alt=\"\" width=\"300\" height=\"200\" srcset=\"https:\/\/senoticias.com.br\/se\/wp-content\/uploads\/2013\/05\/pm1-300x200.jpg 300w, https:\/\/senoticias.com.br\/se\/wp-content\/uploads\/2013\/05\/pm1-342x228.jpg 342w, https:\/\/senoticias.com.br\/se\/wp-content\/uploads\/2013\/05\/pm1.jpg 640w\" sizes=\"(max-width: 300px) 100vw, 300px\" \/><\/a><p id=\"caption-attachment-47784\" class=\"wp-caption-text\"> Comandante Maur\u00edcio Iunes entrega viaturas. (Divulga\u00e7\u00e3o)<\/p><\/div>\n<p style=\"text-align: justify;\">Renovar toda a frota de viaturas da Pol\u00edcia Militar, tanto na capital quanto no interior sergipano. Esse \u00e9 o objetivo do atual Comando Geral da Corpora\u00e7\u00e3o, que realizou na tarde desta ter\u00e7a-feira, 07, a entrega de mais 15 viaturas que servir\u00e3o para atender as necessidades de policiamento do 1\u00ba Batalh\u00e3o de Pol\u00edcia Comunit\u00e1ria (1\u00ba BPCom), 6\u00ba Batalh\u00e3o de Pol\u00edcia Militar (6\u00ba BPM), 7\u00ba Batalh\u00e3o de Pol\u00edcia Militar (7\u00ba BPM), 8\u00ba Batalh\u00e3o de Pol\u00edcia Comunit\u00e1ria (8\u00ba BPCom), Pelot\u00e3o Ambiental, Batalh\u00e3o de Choque e Comando do Policiamento Militar da Capital (CPMC). O repasse das novas chaves aos motoristas ocorreu na pra\u00e7a Fausto Cardoso, em frente ao Tribunal de Justi\u00e7a do Estado de Sergipe.<\/p>\n<p style=\"text-align: justify;\">\u201cEstamos aos poucos substituindo as antigas viaturas locadas pela Corpora\u00e7\u00e3o, mas pretendemos antes do per\u00edodo de festejos juninos ter trocado toda a frota por novas viaturas, de forma que facilite o trabalho dos policiais militares. Desde o in\u00edcio desse processo at\u00e9 hoje, foram entregues 150 novos ve\u00edculos fruto de loca\u00e7\u00e3o. Complementaremos a necessidade da PM atrav\u00e9s da compra de novas viaturas e da doa\u00e7\u00e3o de outras. Nossa meta priorit\u00e1ria \u00e9 fechar o n\u00famero de 260 viaturas\u201d, destacou o coronel Maur\u00edcio da Cunha Iunes, comandante geral da PMSE.<\/p>\n<p style=\"text-align: justify;\">A renova\u00e7\u00e3o e amplia\u00e7\u00e3o da frota da PM ocorrer\u00e1 aos poucos, com previs\u00e3o de estar concretizada ainda no primeiro semestre de 2013. Al\u00e9m da loca\u00e7\u00e3o e compra de ve\u00edculos, a PM tamb\u00e9m ser\u00e1 beneficiada com novas viaturas atrav\u00e9s de doa\u00e7\u00f5es oriundas da parceria entre a Corpora\u00e7\u00e3o e outros \u00f3rg\u00e3os: Supremo Tribunal Federal (SFT), Secretaria Nacional e Seguran\u00e7a P\u00fablica (Senasp) e Secretaria de Seguran\u00e7a P\u00fablica do Estado de Sergipe (SSP\/SE).<\/p>\n<p style=\"text-align: justify;\">Para o sargento Ribeiro, que atua na fun\u00e7\u00e3o de motorista na 3\u00aa Companhia do 6\u00ba Batalh\u00e3o de Pol\u00edcia Militar (3\u00aa Cia\/6\u00ba BPM), conduzir uma viatura nova \u00e9 sempre positivo. \u201cCom uma nova viatura, sentimos mais seguran\u00e7a e rapidez nos atendimentos \u00e0s ocorr\u00eancias, al\u00e9m de mais conforto nos dias de servi\u00e7o. Mas \u00e9 importante destacar que o policial militar tamb\u00e9m passa por dificuldades ao atuar na fun\u00e7\u00e3o de motorista. Por exemplo: no momento de um tiroteio, a gente tem que dirigir e ao mesmo tempo se defender. Ent\u00e3o \u00e9 conduzindo um ve\u00edculo com uma m\u00e3o e atirando com a outra\u201d, pontuou o graduado.<\/p>\n<p style=\"text-align: justify;\">De acordo com o soldado Luciano, que atua na fun\u00e7\u00e3o de motorista do Comando da 2\u00aa Companhia do 8\u00ba Batalh\u00e3o de Pol\u00edcia Comunit\u00e1ria (2\u00aa Cia\/8\u00ba BPCom), uma nova viatura proporciona maior estabilidade ao ve\u00edculo e seguran\u00e7a ao policial militar. \u201cO carro tem que estar equilibrado para realizarmos um bom trabalho junto \u00e0 sociedade. Um ve\u00edculo novo \u00e9 mais \u00e1gil, embora uma das dificuldades que observo no dia a dia seja o motorista chegar r\u00e1pido na ocorr\u00eancia, respeitando toda a legisla\u00e7\u00e3o de tr\u00e2nsito em vigor\u201d, ressaltou o policial.<\/p>\n<p style=\"text-align: justify;\"><strong>Frota renovada<\/strong><\/p>\n<p style=\"text-align: justify;\">Das 260 viaturas que a PM pretende substituir mediante processo de loca\u00e7\u00e3o, 150 j\u00e1 foram entregues at\u00e9 a presente data. Nos pr\u00f3ximos dias, a Corpora\u00e7\u00e3o realizar\u00e1 a entrega de mais 80 ve\u00edculos, tamb\u00e9m resultado desse processo de loca\u00e7\u00e3o. Outras 30 viaturas restantes ser\u00e3o compradas pela pr\u00f3pria Pol\u00edcia Militar do Estado de Sergipe.<\/p>\n","protected":false},"excerpt":{"rendered":"<p>Renovar toda a frota de viaturas da Pol\u00edcia Militar, tanto na capital quanto no interior sergipano. Esse \u00e9 o objetivo do atual Comando Geral da Corpora\u00e7\u00e3o, que realizou na tarde desta ter\u00e7a-feira, 07, a entrega de mais 15 viaturas que servir\u00e3o para atender as necessidades de policiamento do 1\u00ba Batalh\u00e3o de Pol\u00edcia Comunit\u00e1ria (1\u00ba BPCom), [&hellip;]<\/p>\n","protected":false},"author":1,"featured_media":47784,"comment_status":"closed","ping_status":"closed","sticky":false,"template":"","format":"standard","meta":{"footnotes":""},"categories":[7],"tags":[],"class_list":{"0":"post-47783","1":"post","2":"type-post","3":"status-publish","4":"format-standard","5":"has-post-thumbnail","7":"category-policia"},"_links":{"self":[{"href":"https:\/\/senoticias.com.br\/se\/wp-json\/wp\/v2\/posts\/47783"}],"collection":[{"href":"https:\/\/senoticias.com.br\/se\/wp-json\/wp\/v2\/posts"}],"about":[{"href":"https:\/\/senoticias.com.br\/se\/wp-json\/wp\/v2\/types\/post"}],"author":[{"embeddable":true,"href":"https:\/\/senoticias.com.br\/se\/wp-json\/wp\/v2\/users\/1"}],"replies":[{"embeddable":true,"href":"https:\/\/senoticias.com.br\/se\/wp-json\/wp\/v2\/comments?post=47783"}],"version-history":[{"count":0,"href":"https:\/\/senoticias.com.br\/se\/wp-json\/wp\/v2\/posts\/47783\/revisions"}],"wp:featuredmedia":[{"embeddable":true,"href":"https:\/\/senoticias.com.br\/se\/wp-json\/wp\/v2\/media\/47784"}],"wp:attachment":[{"href":"https:\/\/senoticias.com.br\/se\/wp-json\/wp\/v2\/media?parent=47783"}],"wp:term":[{"taxonomy":"category","embeddable":true,"href":"https:\/\/senoticias.com.br\/se\/wp-json\/wp\/v2\/categories?post=47783"},{"taxonomy":"post_tag","embeddable":true,"href":"https:\/\/senoticias.com.br\/se\/wp-json\/wp\/v2\/tags?post=47783"}],"curies":[{"name":"wp","href":"https:\/\/api.w.org\/{rel}","templated":true}]}}