{"id":47781,"date":"2013-05-08T14:31:37","date_gmt":"2013-05-08T17:31:37","guid":{"rendered":"http:\/\/senoticias.com.br\/se\/?p=47781"},"modified":"2013-05-08T14:32:22","modified_gmt":"2013-05-08T17:32:22","slug":"47781","status":"publish","type":"post","link":"https:\/\/senoticias.com.br\/se\/47781\/","title":{"rendered":"\u201cEste n\u00e3o \u00e9 o momento para criar um novo imposto\u201d, argumenta Rog\u00e9rio Carvalho"},"content":{"rendered":"<div id=\"attachment_28513\" style=\"width: 310px\" class=\"wp-caption alignleft\"><a href=\"http:\/\/senoticias.com.br\/se\/wp-content\/uploads\/2012\/03\/Rog\u00e9rio-Carvalho.jpg\"><img loading=\"lazy\" decoding=\"async\" aria-describedby=\"caption-attachment-28513\" class=\"size-medium wp-image-28513\" title=\"Rog\u00e9rio Carvalho\" src=\"http:\/\/senoticias.com.br\/se\/wp-content\/uploads\/2012\/03\/Rog\u00e9rio-Carvalho-300x179.jpg\" alt=\"\" width=\"300\" height=\"179\" srcset=\"https:\/\/senoticias.com.br\/se\/wp-content\/uploads\/2012\/03\/Rog\u00e9rio-Carvalho-300x179.jpg 300w, https:\/\/senoticias.com.br\/se\/wp-content\/uploads\/2012\/03\/Rog\u00e9rio-Carvalho-342x205.jpg 342w, https:\/\/senoticias.com.br\/se\/wp-content\/uploads\/2012\/03\/Rog\u00e9rio-Carvalho.jpg 552w\" sizes=\"(max-width: 300px) 100vw, 300px\" \/><\/a><p id=\"caption-attachment-28513\" class=\"wp-caption-text\">Deputado federal Rog\u00e9rio Carvalho. (Reprodu\u00e7\u00e3o)<\/p><\/div>\n<p style=\"text-align: justify;\">O representante da Associa\u00e7\u00e3o de Professores da Universidade Federal de Minas Gerais (UFMG) Elias Ant\u00f4nio Jorge defendeu, em audi\u00eancia p\u00fablica, na Comiss\u00e3o Especial sobre Financiamento da Sa\u00fade P\u00fablica, a cria\u00e7\u00e3o de um novo tributo destinado exclusivamente \u00e0 Sa\u00fade. Denominada pelo professor de Contribui\u00e7\u00e3o Federativa sobre Movimenta\u00e7\u00e3o Financeira (CFMF), a nova contribui\u00e7\u00e3o seria de 0,30% sobre as transa\u00e7\u00f5es no sistema financeiro.<\/p>\n<p style=\"text-align: justify;\">De acordo com o especialista, essa seria uma \u201csolu\u00e7\u00e3o conjuntural\u201d para o setor. O total da arrecada\u00e7\u00e3o com a CFMF deveria ser destinado pela Uni\u00e3o \u00e0 aten\u00e7\u00e3o b\u00e1sica, com o objetivo de reduzir os gastos do sistema. \u201cN\u00e3o basta ter mais dinheiro para fazer o mesmo, \u00e9 preciso mais dinheiro para fazer diferente, fazer que o gestor deixe de ser ref\u00e9m da doen\u00e7a\u201d, afirma Jorge.<\/p>\n<p style=\"text-align: justify;\">O Executivo federal ainda ficaria obrigado a destinar um ter\u00e7o do equivalente ao valor arrecadado, mas advindo das outras fontes, aos estados e mais um ter\u00e7o aos munic\u00edpios. Essas transfer\u00eancias, no entanto, seriam condicionadas \u00e0 aplica\u00e7\u00e3o dos valores m\u00ednimos previstos em lei para educa\u00e7\u00e3o e sa\u00fade.<\/p>\n<p style=\"text-align: justify;\">Dificuldade Para os deputados, no entanto, a conjuntura n\u00e3o \u00e9 adequada \u00e0 aprova\u00e7\u00e3o de um novo tributo. O relator da comiss\u00e3o e autor do pedido de realiza\u00e7\u00e3o a audi\u00eancia, deputado Rog\u00e9rio Carvalho (PT-SE), argumentou que, \u201cno momento de desonera\u00e7\u00e3o \u00e9 preciso avaliar a cria\u00e7\u00e3o de novos tributos, ainda que merit\u00f3rias\u201d. Mas o relator n\u00e3o descartou completamente a sugest\u00e3o. Segundo ele, no final do ano, quando deve entregar o relat\u00f3rio, com a economia em crescimento, ele poder\u00e1 prever sua ado\u00e7\u00e3o.<\/p>\n<p style=\"text-align: justify;\">Tamb\u00e9m autor do requerimento, o deputado Mandetta (DEM-MS) concorda com a dificuldade de propor aumento da carga tribut\u00e1ria no contexto atual. \u201cComo vamos justificar que estamos abrindo m\u00e3o de tributos, mas criando um outro?\u201d, questionou.<\/p>\n<p style=\"text-align: justify;\"><strong>Solu\u00e7\u00e3o definitiva<\/strong><\/p>\n<p style=\"text-align: justify;\">Como solu\u00e7\u00e3o definitiva para sistema p\u00fablico de sa\u00fade, Elias Jorge defendeu medidas como a taxa\u00e7\u00e3o de grandes fortunas, assim como aumento da tributa\u00e7\u00e3o de produtos nocivos \u00e0 sa\u00fade, como autom\u00f3veis, motos, bebidas alc\u00f3olicas e fumo. Mandetta se disse plenamente favor\u00e1vel a essa solu\u00e7\u00e3o. \u201cCom o \u00e1lcool, o governo arrecada R$ 4,5 bilh\u00f5es e gasta R$ 18 bilh\u00f5es\u201d, comparou.<\/p>\n<p style=\"text-align: justify;\">Elias Jorge tamb\u00e9m reclamou que medidas aprovadas no Congresso reduzem constantemente o financiamento da seguridade social no Pa\u00eds, por meio da desvincula\u00e7\u00e3o de receitas para o setor. Segundo sustentou, o maior risco estrutural que a seguridade corre no momento \u00e9 a reforma tribut\u00e1ria, que transforma todas as contribui\u00e7\u00f5es sociais no Imposto sobre Valor Agregado (IVA). \u201cIsso desmonta de vez todo o sistema\u201d, garante. Atualmente, \u00e9 a arrecada\u00e7\u00e3o com esses tributos que financia o sistema de seguridade.<\/p>\n<p style=\"text-align: justify;\">Mas o presidente da comiss\u00e3o, deputado Darc\u00edsio Perondi (PMDB-RS), tranquilizou o professor. \u201cO governo est\u00e1 fatiando e n\u00e3o vai ressuscitar [a proposta], n\u00f3s a enterramos h\u00e1 tr\u00eas anos\u201d, afirmou.<\/p>\n<p style=\"text-align: justify;\"><em><strong>Por L\u00facio Bernardo Jr\/C\u00e2mara dos Deputados<\/strong><\/em><\/p>\n","protected":false},"excerpt":{"rendered":"<p>O representante da Associa\u00e7\u00e3o de Professores da Universidade Federal de Minas Gerais (UFMG) Elias Ant\u00f4nio Jorge defendeu, em audi\u00eancia p\u00fablica, na Comiss\u00e3o Especial sobre Financiamento da Sa\u00fade P\u00fablica, a cria\u00e7\u00e3o de um novo tributo destinado exclusivamente \u00e0 Sa\u00fade. Denominada pelo professor de Contribui\u00e7\u00e3o Federativa sobre Movimenta\u00e7\u00e3o Financeira (CFMF), a nova contribui\u00e7\u00e3o seria de 0,30% sobre [&hellip;]<\/p>\n","protected":false},"author":1,"featured_media":28513,"comment_status":"closed","ping_status":"closed","sticky":false,"template":"","format":"standard","meta":{"footnotes":""},"categories":[6],"tags":[],"class_list":{"0":"post-47781","1":"post","2":"type-post","3":"status-publish","4":"format-standard","5":"has-post-thumbnail","7":"category-politica"},"_links":{"self":[{"href":"https:\/\/senoticias.com.br\/se\/wp-json\/wp\/v2\/posts\/47781"}],"collection":[{"href":"https:\/\/senoticias.com.br\/se\/wp-json\/wp\/v2\/posts"}],"about":[{"href":"https:\/\/senoticias.com.br\/se\/wp-json\/wp\/v2\/types\/post"}],"author":[{"embeddable":true,"href":"https:\/\/senoticias.com.br\/se\/wp-json\/wp\/v2\/users\/1"}],"replies":[{"embeddable":true,"href":"https:\/\/senoticias.com.br\/se\/wp-json\/wp\/v2\/comments?post=47781"}],"version-history":[{"count":0,"href":"https:\/\/senoticias.com.br\/se\/wp-json\/wp\/v2\/posts\/47781\/revisions"}],"wp:featuredmedia":[{"embeddable":true,"href":"https:\/\/senoticias.com.br\/se\/wp-json\/wp\/v2\/media\/28513"}],"wp:attachment":[{"href":"https:\/\/senoticias.com.br\/se\/wp-json\/wp\/v2\/media?parent=47781"}],"wp:term":[{"taxonomy":"category","embeddable":true,"href":"https:\/\/senoticias.com.br\/se\/wp-json\/wp\/v2\/categories?post=47781"},{"taxonomy":"post_tag","embeddable":true,"href":"https:\/\/senoticias.com.br\/se\/wp-json\/wp\/v2\/tags?post=47781"}],"curies":[{"name":"wp","href":"https:\/\/api.w.org\/{rel}","templated":true}]}}