{"id":47779,"date":"2013-05-08T14:24:38","date_gmt":"2013-05-08T17:24:38","guid":{"rendered":"http:\/\/senoticias.com.br\/se\/?p=47779"},"modified":"2013-05-08T14:24:38","modified_gmt":"2013-05-08T17:24:38","slug":"eutanasia-sera-tema-de-palestra-do-juiz-manoel-costa-neto-na-casa-da-fraternidade","status":"publish","type":"post","link":"https:\/\/senoticias.com.br\/se\/eutanasia-sera-tema-de-palestra-do-juiz-manoel-costa-neto-na-casa-da-fraternidade\/","title":{"rendered":"Eutan\u00e1sia ser\u00e1 tema de palestra do juiz Manoel Costa Neto na Casa da Fraternidade"},"content":{"rendered":"<div id=\"attachment_24336\" style=\"width: 310px\" class=\"wp-caption alignleft\"><a href=\"http:\/\/senoticias.com.br\/se\/wp-content\/uploads\/2012\/02\/Dr.-Manoel-Costa-Neto.jpg\"><img loading=\"lazy\" decoding=\"async\" aria-describedby=\"caption-attachment-24336\" class=\"size-medium wp-image-24336\" title=\"Dr. Manoel Costa Neto\" src=\"http:\/\/senoticias.com.br\/se\/wp-content\/uploads\/2012\/02\/Dr.-Manoel-Costa-Neto-300x224.jpg\" alt=\"\" width=\"300\" height=\"224\" srcset=\"https:\/\/senoticias.com.br\/se\/wp-content\/uploads\/2012\/02\/Dr.-Manoel-Costa-Neto-300x224.jpg 300w, https:\/\/senoticias.com.br\/se\/wp-content\/uploads\/2012\/02\/Dr.-Manoel-Costa-Neto-342x255.jpg 342w, https:\/\/senoticias.com.br\/se\/wp-content\/uploads\/2012\/02\/Dr.-Manoel-Costa-Neto-60x45.jpg 60w, https:\/\/senoticias.com.br\/se\/wp-content\/uploads\/2012\/02\/Dr.-Manoel-Costa-Neto-150x113.jpg 150w, https:\/\/senoticias.com.br\/se\/wp-content\/uploads\/2012\/02\/Dr.-Manoel-Costa-Neto-269x201.jpg 269w, https:\/\/senoticias.com.br\/se\/wp-content\/uploads\/2012\/02\/Dr.-Manoel-Costa-Neto.jpg 592w\" sizes=\"(max-width: 300px) 100vw, 300px\" \/><\/a><p id=\"caption-attachment-24336\" class=\"wp-caption-text\">Eutan\u00e1sia ser\u00e1 tema de palestra do juiz Manoel Costa Neto na Casa da Fraternidade. (Foto: Arquivo SE Not\u00edcias)<\/p><\/div>\n<p style=\"text-align: justify;\">Tema pol\u00eamico que divide opini\u00f5es em todo o mundo, exacerba discuss\u00f5es e provoca an\u00e1lises entre os mais variados segmentos. O Centro Esp\u00edrita Casa da Fraternidade sempre engajado em temas contempor\u00e2neos, recebe na pr\u00f3xima segunda-feira (13), a partir das 20h, o juiz da Comarca de S\u00e3o Crist\u00f3v\u00e3o e professor de Direito, Manoel Costa Neto, que vai falar sobre Eutan\u00e1sia.<\/p>\n<p style=\"text-align: justify;\">Na palestra, o magistrado vai abordar as variantes que envolvem o ato e as vers\u00f5es humanas e espirituais. A palestra \u00e9 aberta ao p\u00fablico em geral, que pode interagir com o palestrante.<\/p>\n<p style=\"text-align: justify;\">A Casa da Fraternidade est\u00e1 localizada \u00e0 Rua Porto da Folha, n\u00famero 1.236, no Bairro Cirurgia, em Aracaju.<\/p>\n<p style=\"text-align: justify;\"><strong>A Eutan\u00e1sia<\/strong><\/p>\n<p style=\"text-align: justify;\">A eutan\u00e1sia representa atualmente uma complicada quest\u00e3o de bio\u00e9tica e biodireito, pois enquanto o Estado tem como princ\u00edpio a prote\u00e7\u00e3o da vida dos seus cidad\u00e3os, existem aqueles que, devido ao seu estado prec\u00e1rio de sa\u00fade, desejam dar um fim ao seu sofrimento antecipando a morte.<\/p>\n<p style=\"text-align: justify;\">Independentemente da forma de eutan\u00e1sia praticada, seja ela legalizada ou n\u00e3o, tanto em Portugal como no Brasil esta pr\u00e1tica \u00e9 considerada ilegal. Ela \u00e9 considerada um assunto controverso, existindo sempre pr\u00f3s e contras \u2013 teorias eventualmente mut\u00e1veis com o tempo e a evolu\u00e7\u00e3o da sociedade, tendo sempre em conta o valor de uma vida humana.<\/p>\n<p style=\"text-align: justify;\">A eutan\u00e1sia pode ser dividida em dois grupos: a \u201ceutan\u00e1sia ativa\u201d e a \u201ceutan\u00e1sia passiva\u201d. Embora existam duas \u201cclassifica\u00e7\u00f5es\u201d poss\u00edveis, a eutan\u00e1sia em si consiste no ato de facultar a morte sem sofrimento a um indiv\u00edduo cujo estado de doen\u00e7a \u00e9 cr\u00f4nico e, portanto, incur\u00e1vel, normalmente associado a um imenso sofrimento f\u00edsico e ps\u00edquico.<\/p>\n<p style=\"text-align: justify;\">A \u201ceutan\u00e1sia passiva\u201d por sua vez, n\u00e3o provoca deliberadamente a morte, no entanto, com o passar do tempo, conjuntamente com a interrup\u00e7\u00e3o de todos e quaisquer cuidados m\u00e9dicos, farmacol\u00f3gicos ou outros, o doente acaba por falecer. S\u00e3o cessadas todas e quaisquer a\u00e7\u00f5es que tenham por fim prolongar a vida. N\u00e3o h\u00e1 por isso um ato que provoque a morte (tal como na eutan\u00e1sia ativa), mas tamb\u00e9m n\u00e3o h\u00e1 nenhum que a impe\u00e7a (como na distan\u00e1sia).<\/p>\n<p style=\"text-align: justify;\"><em><strong>Por Paulo Sousa\/<a href=\"http:\/\/cajunews.com.br\/eutanasia-sera-tema-de-palestra-do-juiz-manoel-costa-neto\/\">CajuNews<\/a><\/strong><\/em><\/p>\n","protected":false},"excerpt":{"rendered":"<p>Tema pol\u00eamico que divide opini\u00f5es em todo o mundo, exacerba discuss\u00f5es e provoca an\u00e1lises entre os mais variados segmentos. O Centro Esp\u00edrita Casa da Fraternidade sempre engajado em temas contempor\u00e2neos, recebe na pr\u00f3xima segunda-feira (13), a partir das 20h, o juiz da Comarca de S\u00e3o Crist\u00f3v\u00e3o e professor de Direito, Manoel Costa Neto, que vai [&hellip;]<\/p>\n","protected":false},"author":1,"featured_media":24336,"comment_status":"closed","ping_status":"closed","sticky":false,"template":"","format":"standard","meta":{"footnotes":""},"categories":[43],"tags":[],"class_list":{"0":"post-47779","1":"post","2":"type-post","3":"status-publish","4":"format-standard","5":"has-post-thumbnail","7":"category-voce-reporter"},"_links":{"self":[{"href":"https:\/\/senoticias.com.br\/se\/wp-json\/wp\/v2\/posts\/47779"}],"collection":[{"href":"https:\/\/senoticias.com.br\/se\/wp-json\/wp\/v2\/posts"}],"about":[{"href":"https:\/\/senoticias.com.br\/se\/wp-json\/wp\/v2\/types\/post"}],"author":[{"embeddable":true,"href":"https:\/\/senoticias.com.br\/se\/wp-json\/wp\/v2\/users\/1"}],"replies":[{"embeddable":true,"href":"https:\/\/senoticias.com.br\/se\/wp-json\/wp\/v2\/comments?post=47779"}],"version-history":[{"count":0,"href":"https:\/\/senoticias.com.br\/se\/wp-json\/wp\/v2\/posts\/47779\/revisions"}],"wp:featuredmedia":[{"embeddable":true,"href":"https:\/\/senoticias.com.br\/se\/wp-json\/wp\/v2\/media\/24336"}],"wp:attachment":[{"href":"https:\/\/senoticias.com.br\/se\/wp-json\/wp\/v2\/media?parent=47779"}],"wp:term":[{"taxonomy":"category","embeddable":true,"href":"https:\/\/senoticias.com.br\/se\/wp-json\/wp\/v2\/categories?post=47779"},{"taxonomy":"post_tag","embeddable":true,"href":"https:\/\/senoticias.com.br\/se\/wp-json\/wp\/v2\/tags?post=47779"}],"curies":[{"name":"wp","href":"https:\/\/api.w.org\/{rel}","templated":true}]}}