{"id":47776,"date":"2013-05-08T13:58:14","date_gmt":"2013-05-08T16:58:14","guid":{"rendered":"http:\/\/senoticias.com.br\/se\/?p=47776"},"modified":"2013-05-09T14:03:59","modified_gmt":"2013-05-09T17:03:59","slug":"valadares-se-reune-com-ministro-bezerra-para-buscar-agilidade-na-liberacao-de-recursos-para-sergipe","status":"publish","type":"post","link":"https:\/\/senoticias.com.br\/se\/valadares-se-reune-com-ministro-bezerra-para-buscar-agilidade-na-liberacao-de-recursos-para-sergipe\/","title":{"rendered":"Valadares se re\u00fane com ministro Bezerra para buscar agilidade na libera\u00e7\u00e3o de recursos para Sergipe"},"content":{"rendered":"<p>&nbsp;<\/p>\n<div id=\"attachment_47777\" style=\"width: 310px\" class=\"wp-caption alignleft\"><a href=\"http:\/\/senoticias.com.br\/se\/wp-content\/uploads\/2013\/05\/IMG_6005A.jpg\"><img loading=\"lazy\" decoding=\"async\" aria-describedby=\"caption-attachment-47777\" class=\"size-medium wp-image-47777\" title=\"\" src=\"http:\/\/senoticias.com.br\/se\/wp-content\/uploads\/2013\/05\/IMG_6005A-300x199.jpg\" alt=\"\" width=\"300\" height=\"199\" srcset=\"https:\/\/senoticias.com.br\/se\/wp-content\/uploads\/2013\/05\/IMG_6005A-300x199.jpg 300w, https:\/\/senoticias.com.br\/se\/wp-content\/uploads\/2013\/05\/IMG_6005A-342x227.jpg 342w, https:\/\/senoticias.com.br\/se\/wp-content\/uploads\/2013\/05\/IMG_6005A.jpg 596w\" sizes=\"(max-width: 300px) 100vw, 300px\" \/><\/a><p id=\"caption-attachment-47777\" class=\"wp-caption-text\">Valadares se re\u00fane com ministro Bezerra para buscar agilidade na libera\u00e7\u00e3o de recursos. (Divulga\u00e7\u00e3o)<\/p><\/div>\n<p style=\"text-align: justify;\">O senador Antonio Carlos Valadares (PSB-SE) se reuniu nesta ter\u00e7a-feira (7) com o Ministro da Integra\u00e7\u00e3o Nacional, Fernando Bezerra, a fim de obter agilidade na libera\u00e7\u00e3o de recursos destinados a combater os problemas causados pela seca no estado de Sergipe. A reuni\u00e3o, que contou com a presen\u00e7a do deputado federal Valadares Filho (PSB-SE), discutiu meios para minimizar o problema.<\/p>\n<p style=\"text-align: justify;\">\u201cO longo per\u00edodo de estiagem tem causado muitos preju\u00edzos e a demora na libera\u00e7\u00e3o dos recursos agrava a situa\u00e7\u00e3o. Por isso, solicitamos recursos para o atendimento das demandas dos munic\u00edpios em estado de emerg\u00eancia\u201d, destacou Valadares. De acordo com o ministro Bezerra, os repasses est\u00e3o sendo feitos, mas ainda n\u00e3o atingiram todos os munic\u00edpios. Ele se comprometeu em acelerar a libera\u00e7\u00e3o dos recursos.<\/p>\n<p style=\"text-align: justify;\">Na oportunidade, tamb\u00e9m foi discutida a libera\u00e7\u00e3o de recursos de emendas de autoria dos parlamentares destinadas aos diversos munic\u00edpios sergipanos. Esses recursos s\u00e3o para aquisi\u00e7\u00e3o de equipamentos, como tratores, e para realiza\u00e7\u00e3o de obras de infraestrutura de abastecimento de \u00e1gua.<\/p>\n<p style=\"text-align: justify;\"><em><strong>Por Ana Paula Dourado (Bras\u00edlia-DF)<\/strong><\/em><br \/>\n<em><strong>Assessoria de Imprensa \u2013 Gabinete do senador Antonio Carlos Valadares<\/strong><\/em><\/p>\n","protected":false},"excerpt":{"rendered":"<p>&nbsp; O senador Antonio Carlos Valadares (PSB-SE) se reuniu nesta ter\u00e7a-feira (7) com o Ministro da Integra\u00e7\u00e3o Nacional, Fernando Bezerra, a fim de obter agilidade na libera\u00e7\u00e3o de recursos destinados a combater os problemas causados pela seca no estado de Sergipe. A reuni\u00e3o, que contou com a presen\u00e7a do deputado federal Valadares Filho (PSB-SE), discutiu [&hellip;]<\/p>\n","protected":false},"author":1,"featured_media":47777,"comment_status":"closed","ping_status":"closed","sticky":false,"template":"","format":"standard","meta":{"footnotes":""},"categories":[15,6],"tags":[],"class_list":{"0":"post-47776","1":"post","2":"type-post","3":"status-publish","4":"format-standard","5":"has-post-thumbnail","7":"category-destaques","8":"category-politica"},"_links":{"self":[{"href":"https:\/\/senoticias.com.br\/se\/wp-json\/wp\/v2\/posts\/47776"}],"collection":[{"href":"https:\/\/senoticias.com.br\/se\/wp-json\/wp\/v2\/posts"}],"about":[{"href":"https:\/\/senoticias.com.br\/se\/wp-json\/wp\/v2\/types\/post"}],"author":[{"embeddable":true,"href":"https:\/\/senoticias.com.br\/se\/wp-json\/wp\/v2\/users\/1"}],"replies":[{"embeddable":true,"href":"https:\/\/senoticias.com.br\/se\/wp-json\/wp\/v2\/comments?post=47776"}],"version-history":[{"count":0,"href":"https:\/\/senoticias.com.br\/se\/wp-json\/wp\/v2\/posts\/47776\/revisions"}],"wp:featuredmedia":[{"embeddable":true,"href":"https:\/\/senoticias.com.br\/se\/wp-json\/wp\/v2\/media\/47777"}],"wp:attachment":[{"href":"https:\/\/senoticias.com.br\/se\/wp-json\/wp\/v2\/media?parent=47776"}],"wp:term":[{"taxonomy":"category","embeddable":true,"href":"https:\/\/senoticias.com.br\/se\/wp-json\/wp\/v2\/categories?post=47776"},{"taxonomy":"post_tag","embeddable":true,"href":"https:\/\/senoticias.com.br\/se\/wp-json\/wp\/v2\/tags?post=47776"}],"curies":[{"name":"wp","href":"https:\/\/api.w.org\/{rel}","templated":true}]}}