{"id":47774,"date":"2013-05-08T09:52:40","date_gmt":"2013-05-08T12:52:40","guid":{"rendered":"http:\/\/senoticias.com.br\/se\/?p=47774"},"modified":"2013-05-09T13:58:53","modified_gmt":"2013-05-09T16:58:53","slug":"gualberto-diz-que-oposicao-causou-prejuizo-de-oito-meses-ao-estado","status":"publish","type":"post","link":"https:\/\/senoticias.com.br\/se\/gualberto-diz-que-oposicao-causou-prejuizo-de-oito-meses-ao-estado\/","title":{"rendered":"Gualberto diz que oposi\u00e7\u00e3o causou preju\u00edzo de oito meses ao Estado"},"content":{"rendered":"<p>&nbsp;<\/p>\n<div id=\"attachment_28325\" style=\"width: 310px\" class=\"wp-caption alignleft\"><a href=\"http:\/\/senoticias.com.br\/se\/wp-content\/uploads\/2012\/03\/Francisco-Gualberto.jpg\"><img loading=\"lazy\" decoding=\"async\" aria-describedby=\"caption-attachment-28325\" class=\"size-medium wp-image-28325\" title=\"Francisco-Gualberto\" src=\"http:\/\/senoticias.com.br\/se\/wp-content\/uploads\/2012\/03\/Francisco-Gualberto-300x199.jpg\" alt=\"\" width=\"300\" height=\"199\" srcset=\"https:\/\/senoticias.com.br\/se\/wp-content\/uploads\/2012\/03\/Francisco-Gualberto-300x199.jpg 300w, https:\/\/senoticias.com.br\/se\/wp-content\/uploads\/2012\/03\/Francisco-Gualberto-342x227.jpg 342w, https:\/\/senoticias.com.br\/se\/wp-content\/uploads\/2012\/03\/Francisco-Gualberto.jpg 448w\" sizes=\"(max-width: 300px) 100vw, 300px\" \/><\/a><p id=\"caption-attachment-28325\" class=\"wp-caption-text\">Gualberto diz que oposi\u00e7\u00e3o causou preju\u00edzo de oito meses ao Estado. (Foto: Cesar Oliveira)<\/p><\/div>\n<p style=\"text-align: justify;\">Ap\u00f3s longo per\u00edodo entre apresenta\u00e7\u00e3o, tramita\u00e7\u00e3o, discuss\u00e3o, vota\u00e7\u00e3o, adequa\u00e7\u00e3o, reapresenta\u00e7\u00e3o e nova vota\u00e7\u00e3o, enfim, os projetos que comp\u00f5em o Proinveste foram aprovados por unanimidade na sess\u00e3o desta ter\u00e7a-feira, 7, na Assembleia Legislativa. Um projeto autoriza o governo a contratar junto ao BNDES empr\u00e9stimo de R$ 138,5 milh\u00f5es. O outro autoriza contrata\u00e7\u00e3o de empr\u00e9stimo junto \u00e0 Caixa no valor de R$ 428,7 milh\u00f5es.<\/p>\n<p style=\"text-align: justify;\">Os projetos originais, que tramitavam na Casa desde setembro do ano passado, somavam R$ 727 milh\u00f5es, mas haviam sido reprovados pela bancada de oposi\u00e7\u00e3o ao governador Marcelo D\u00e9da em dezembro. \u201cVotamos hoje a favor do projeto porque respeitamos a negocia\u00e7\u00e3o feita entre o nosso governador e a oposi\u00e7\u00e3o. Mas ao nosso ver, o projeto original \u00e9 que continha a \u00e9poca e a forma correta para se obter o empr\u00e9stimo\u201d, disse o deputado Francisco Gualberto (PT), ex-l\u00edder da bancada de situa\u00e7\u00e3o.<\/p>\n<p style=\"text-align: justify;\">O petista buscou deixar claro que mesmo com a aprova\u00e7\u00e3o do Proinveste, o Estado enfrentar\u00e1 dificuldades no que diz respeito \u00e0 execu\u00e7\u00e3o das obras planejadas. \u201cNo m\u00ednimo estamos atrasados em oito meses. Al\u00e9m disso, os valores diminu\u00edram. E nosso governo s\u00f3 tem at\u00e9 maio para preparar toda a burocracia. Os demais estados que tiveram direito ao Proinveste j\u00e1 est\u00e3o licitando suas obras\u201d, revelou Gualberto.<\/p>\n<p style=\"text-align: justify;\">Segundo ele, uma coisa \u00e9 respeitar a negocia\u00e7\u00e3o conduzida por Marcelo D\u00e9da, outra coisa \u00e9 expor sua vis\u00e3o pessoal sobre os fatos. \u201cAcredito que a oposi\u00e7\u00e3o atrapalhou o Estado em pelo menos oito meses. Mas eu sei muito bem para que caderneta vai ser anotada essa conta\u201d, disse o deputado. \u201cEu fa\u00e7o pol\u00edtica declarando o que penso. Portanto, vamos trabalhar para tentar diminuir o preju\u00edzo j\u00e1 causado\u201d.<\/p>\n<p style=\"text-align: justify;\"><em><strong>Da assessoria parlamentar<\/strong><\/em><\/p>\n","protected":false},"excerpt":{"rendered":"<p>&nbsp; Ap\u00f3s longo per\u00edodo entre apresenta\u00e7\u00e3o, tramita\u00e7\u00e3o, discuss\u00e3o, vota\u00e7\u00e3o, adequa\u00e7\u00e3o, reapresenta\u00e7\u00e3o e nova vota\u00e7\u00e3o, enfim, os projetos que comp\u00f5em o Proinveste foram aprovados por unanimidade na sess\u00e3o desta ter\u00e7a-feira, 7, na Assembleia Legislativa. Um projeto autoriza o governo a contratar junto ao BNDES empr\u00e9stimo de R$ 138,5 milh\u00f5es. O outro autoriza contrata\u00e7\u00e3o de empr\u00e9stimo junto [&hellip;]<\/p>\n","protected":false},"author":1,"featured_media":28325,"comment_status":"closed","ping_status":"closed","sticky":false,"template":"","format":"standard","meta":{"footnotes":""},"categories":[6],"tags":[],"class_list":{"0":"post-47774","1":"post","2":"type-post","3":"status-publish","4":"format-standard","5":"has-post-thumbnail","7":"category-politica"},"_links":{"self":[{"href":"https:\/\/senoticias.com.br\/se\/wp-json\/wp\/v2\/posts\/47774"}],"collection":[{"href":"https:\/\/senoticias.com.br\/se\/wp-json\/wp\/v2\/posts"}],"about":[{"href":"https:\/\/senoticias.com.br\/se\/wp-json\/wp\/v2\/types\/post"}],"author":[{"embeddable":true,"href":"https:\/\/senoticias.com.br\/se\/wp-json\/wp\/v2\/users\/1"}],"replies":[{"embeddable":true,"href":"https:\/\/senoticias.com.br\/se\/wp-json\/wp\/v2\/comments?post=47774"}],"version-history":[{"count":0,"href":"https:\/\/senoticias.com.br\/se\/wp-json\/wp\/v2\/posts\/47774\/revisions"}],"wp:featuredmedia":[{"embeddable":true,"href":"https:\/\/senoticias.com.br\/se\/wp-json\/wp\/v2\/media\/28325"}],"wp:attachment":[{"href":"https:\/\/senoticias.com.br\/se\/wp-json\/wp\/v2\/media?parent=47774"}],"wp:term":[{"taxonomy":"category","embeddable":true,"href":"https:\/\/senoticias.com.br\/se\/wp-json\/wp\/v2\/categories?post=47774"},{"taxonomy":"post_tag","embeddable":true,"href":"https:\/\/senoticias.com.br\/se\/wp-json\/wp\/v2\/tags?post=47774"}],"curies":[{"name":"wp","href":"https:\/\/api.w.org\/{rel}","templated":true}]}}