{"id":47770,"date":"2013-05-08T09:37:38","date_gmt":"2013-05-08T12:37:38","guid":{"rendered":"http:\/\/senoticias.com.br\/se\/?p=47770"},"modified":"2013-05-08T09:39:26","modified_gmt":"2013-05-08T12:39:26","slug":"bancada-do-%e2%80%9camem%e2%80%9d-de-joao-alves-aprova-reajuste-da-tarifa-para-r-245-na-grande-aracaju","status":"publish","type":"post","link":"https:\/\/senoticias.com.br\/se\/bancada-do-%e2%80%9camem%e2%80%9d-de-joao-alves-aprova-reajuste-da-tarifa-para-r-245-na-grande-aracaju\/","title":{"rendered":"Bancada do \u201cAm\u00e9m\u201d de Jo\u00e3o Alves aprova reajuste da tarifa para R$ 2,45 na Grande Aracaju"},"content":{"rendered":"<div id=\"attachment_47500\" style=\"width: 310px\" class=\"wp-caption alignleft\"><a href=\"http:\/\/senoticias.com.br\/se\/wp-content\/uploads\/2013\/04\/Iran-Barbosa.jpg\"><img loading=\"lazy\" decoding=\"async\" aria-describedby=\"caption-attachment-47500\" class=\"size-medium wp-image-47500\" title=\"Iran Barbosa\" src=\"http:\/\/senoticias.com.br\/se\/wp-content\/uploads\/2013\/04\/Iran-Barbosa-300x199.jpg\" alt=\"\" width=\"300\" height=\"199\" \/><\/a><p id=\"caption-attachment-47500\" class=\"wp-caption-text\">Iran Babosa, do PT, votou contr\u00e1rio ao projeto em todas as vota\u00e7\u00f5es. (Divulga\u00e7\u00e3o)<\/p><\/div>\n<p style=\"text-align: justify;\">Os aracajuanos v\u00e3o mesmo pagar mais caro pela tarifa do transporte coletivo. Foi aprovado nesta ter\u00e7a-feira, 7\/5, em sess\u00e3o plen\u00e1ria na C\u00e2mara Municipal de Aracaju, por 14 votos a favor, 7 contr\u00e1rios e uma absten\u00e7\u00e3o, o Projeto de Lei do Poder Executivo 102\/2013, reajustando o valor da tarifa dos \u00f4nibus urbanos da Capital para R$ 2,43, um aumento de 7,98%.<\/p>\n<p style=\"text-align: justify;\">Emenda da bancada governista, aprovada por 13 votos a favor, 8 contr\u00e1rios e uma absten\u00e7\u00e3o, ajustou para mais esse valor, fixando em R$ 2,45, aumento de 8,88%. A lei segue agora para san\u00e7\u00e3o do prefeito Jo\u00e3o Alves Filho (DEM).<\/p>\n<p style=\"text-align: justify;\">O vereador Iran Babosa, do PT, votou contr\u00e1rio ao projeto em todas as vota\u00e7\u00f5es e orientou a bancada de oposi\u00e7\u00e3o, sob sua lideran\u00e7a, que tamb\u00e9m se posicionasse contr\u00e1rio ao reajuste, j\u00e1 que mais uma vez n\u00e3o foi apresentado nenhum novo elemento t\u00e9cnico na planilha de custos da SMTT que justificasse o aumento, al\u00e9m dos problemas de ordem regimental.<\/p>\n<p style=\"text-align: justify;\">O PL do Executivo buscava corrigir o v\u00edcio de origem do projeto de reajuste, encaminhado pela Mesa Diretora da C\u00e2mara, na vota\u00e7\u00e3o anterior, realizada em 10 de abril, e que acabou questionada na Justi\u00e7a, mas novamente atropelou os tr\u00e2mites regimentais e tamb\u00e9m a Lei Org\u00e2nica do Munic\u00edpio.<\/p>\n<p style=\"text-align: justify;\">Iran chamou a aten\u00e7\u00e3o da Casa para os novos equ\u00edvocos do processo de tramita\u00e7\u00e3o do PL. Apresentou requerimento questionando a vota\u00e7\u00e3o, j\u00e1 que se tratava de um projeto de reajuste similar a outro j\u00e1 aprovado na Casa, ainda que com origens diferentes \u2013 um da Mesa Diretora; outro, do Executivo, mas ambos tratavam de igual conte\u00fado, o que \u00e9 ilegal. O requerimento, no entanto, foi rejeitado em plen\u00e1rio pela bancada governista, assim como o recurso interposto pelo petista.<\/p>\n<p style=\"text-align: justify;\">\u201cMuitos problemas de novo, especialmente no que diz respeito ao processo legislativo, previsto na nossa Lei Org\u00e2nica e no nosso Regimento Interno. Houve desobedi\u00eancia a v\u00e1rios preceitos e arguimos todos eles em plen\u00e1rio\u201d, explicou. \u201cQue a maioria estabele\u00e7a a sua vit\u00f3ria, mas com base no que a legisla\u00e7\u00e3o determina. N\u00e3o podemos aceitar que seja sem a fundamenta\u00e7\u00e3o exigida. Houve atropelos em muitos momentos, o que abre brecha para novos questionamentos de ordem judicial\u201d, alertou, ainda, o parlamentar.<\/p>\n<p style=\"text-align: justify;\">Iran lamentou que mais uma vez a popula\u00e7\u00e3o ter\u00e1 que pagar uma tarifa das mais caras do Brasil por um transporte coletivo, que est\u00e1 longe de atender \u00e0s necessidades da popula\u00e7\u00e3o aracajuana em qualidade e efici\u00eancia.<\/p>\n<p style=\"text-align: justify;\">\u201cTemos que realmente lamentar. Mais uma vez, junto com os outros vereadores de oposi\u00e7\u00e3o, mostramos as inadequa\u00e7\u00f5es da proposta apresentada, e levantamos todos os problemas existentes tanto na planilha de custos quanto no processo legislativo que aqui se estabeleceu. Denunciamos os equ\u00edvocos\u201d, ressaltou.<\/p>\n<p style=\"text-align: justify;\">O vereador petista e l\u00edder da oposi\u00e7\u00e3o, da tribuna, leu as duas cartas distribu\u00eddas por entidades da sociedade civil organizada, que acompanharam, do lado de fora da C\u00e2mara Municipal, a vota\u00e7\u00e3o do projeto. As cartas pediam aos vereadores que n\u00e3o votassem o reajuste, o que n\u00e3o foi suficiente para barrar o \u00edmpeto da bancada governista em aprovar o aumento do valor da passagem dos coletivos.<\/p>\n<p style=\"text-align: justify;\">\u201cA maioria garantiu a aprova\u00e7\u00e3o do aumento e, pelo que foi encaminhado, dever\u00e1 mesmo ser reajustada, mas, repito, com brechas imensas para o processo ser questionado de novo na Justi\u00e7a\u201d, avisou.<\/p>\n<p style=\"text-align: justify;\"><em>Por George Washington, da Assessoria de Imprensa de Iran Barbosa<\/em><\/p>\n","protected":false},"excerpt":{"rendered":"<p>Os aracajuanos v\u00e3o mesmo pagar mais caro pela tarifa do transporte coletivo. Foi aprovado nesta ter\u00e7a-feira, 7\/5, em sess\u00e3o plen\u00e1ria na C\u00e2mara Municipal de Aracaju, por 14 votos a favor, 7 contr\u00e1rios e uma absten\u00e7\u00e3o, o Projeto de Lei do Poder Executivo 102\/2013, reajustando o valor da tarifa dos \u00f4nibus urbanos da Capital para R$ [&hellip;]<\/p>\n","protected":false},"author":1,"featured_media":47500,"comment_status":"closed","ping_status":"closed","sticky":false,"template":"","format":"standard","meta":{"footnotes":""},"categories":[6,1],"tags":[],"class_list":{"0":"post-47770","1":"post","2":"type-post","3":"status-publish","4":"format-standard","5":"has-post-thumbnail","7":"category-politica","8":"category-sem-categoria"},"_links":{"self":[{"href":"https:\/\/senoticias.com.br\/se\/wp-json\/wp\/v2\/posts\/47770"}],"collection":[{"href":"https:\/\/senoticias.com.br\/se\/wp-json\/wp\/v2\/posts"}],"about":[{"href":"https:\/\/senoticias.com.br\/se\/wp-json\/wp\/v2\/types\/post"}],"author":[{"embeddable":true,"href":"https:\/\/senoticias.com.br\/se\/wp-json\/wp\/v2\/users\/1"}],"replies":[{"embeddable":true,"href":"https:\/\/senoticias.com.br\/se\/wp-json\/wp\/v2\/comments?post=47770"}],"version-history":[{"count":0,"href":"https:\/\/senoticias.com.br\/se\/wp-json\/wp\/v2\/posts\/47770\/revisions"}],"wp:featuredmedia":[{"embeddable":true,"href":"https:\/\/senoticias.com.br\/se\/wp-json\/wp\/v2\/media\/47500"}],"wp:attachment":[{"href":"https:\/\/senoticias.com.br\/se\/wp-json\/wp\/v2\/media?parent=47770"}],"wp:term":[{"taxonomy":"category","embeddable":true,"href":"https:\/\/senoticias.com.br\/se\/wp-json\/wp\/v2\/categories?post=47770"},{"taxonomy":"post_tag","embeddable":true,"href":"https:\/\/senoticias.com.br\/se\/wp-json\/wp\/v2\/tags?post=47770"}],"curies":[{"name":"wp","href":"https:\/\/api.w.org\/{rel}","templated":true}]}}