{"id":47725,"date":"2013-05-07T06:55:54","date_gmt":"2013-05-07T09:55:54","guid":{"rendered":"http:\/\/senoticias.com.br\/se\/?p=47725"},"modified":"2013-05-07T19:10:26","modified_gmt":"2013-05-07T22:10:26","slug":"reportagem-que-diz-a-verdade-nao-gera-indenizacao-ou-pedido-de-resposta","status":"publish","type":"post","link":"https:\/\/senoticias.com.br\/se\/reportagem-que-diz-a-verdade-nao-gera-indenizacao-ou-pedido-de-resposta\/","title":{"rendered":"Reportagem que diz a verdade n\u00e3o gera indeniza\u00e7\u00e3o ou pedido de resposta"},"content":{"rendered":"<p>&nbsp;<\/p>\n<div id=\"attachment_4130\" style=\"width: 269px\" class=\"wp-caption alignleft\"><a href=\"http:\/\/senoticias.com.br\/se\/wp-content\/uploads\/2011\/03\/Ficha-Suja.jpg\"><img loading=\"lazy\" decoding=\"async\" aria-describedby=\"caption-attachment-4130\" class=\"size-full wp-image-4130\" title=\"Justi\u00e7a II\" src=\"http:\/\/senoticias.com.br\/se\/wp-content\/uploads\/2011\/03\/Ficha-Suja.jpg\" alt=\"\" width=\"259\" height=\"194\" srcset=\"https:\/\/senoticias.com.br\/se\/wp-content\/uploads\/2011\/03\/Ficha-Suja.jpg 259w, https:\/\/senoticias.com.br\/se\/wp-content\/uploads\/2011\/03\/Ficha-Suja-60x45.jpg 60w, https:\/\/senoticias.com.br\/se\/wp-content\/uploads\/2011\/03\/Ficha-Suja-150x113.jpg 150w\" sizes=\"(max-width: 259px) 100vw, 259px\" \/><\/a><p id=\"caption-attachment-4130\" class=\"wp-caption-text\">Justi\u00e7a derruba reajuste da tarifa de \u00f4nibus. (Foto: Reprodu\u00e7\u00e3o)<\/p><\/div>\n<p style=\"text-align: justify;\">A reportagem que publica conte\u00fado verdadeiro, sem car\u00e1ter difamat\u00f3rio, n\u00e3o d\u00e1 direito a indeniza\u00e7\u00e3o nem a pedido de resposta. O entendimento \u00e9 do juiz Paulo Jorge Scartezzini Guimar\u00e3es, da 4\u00aa Vara C\u00edvel de S\u00e3o Paulo, que julgou improcedente pedido de indeniza\u00e7\u00e3o do candidato derrotado \u00e0 Prefeitura de S\u00e3o Paulo pelo <strong>PRTB, Levy Fidelix, contra a revista Consultor Jur\u00eddico<\/strong>.<\/p>\n<p style=\"text-align: justify;\">Ele processou a ConJur e a rep\u00f3rter L\u00edvia Scocuglia com a alega\u00e7\u00e3o de que reportagem do dia 29 de setembro do ano passado, que o apontou como o candidato a prefeito com mais processos na Justi\u00e7a Paulista, tinha car\u00e1ter difamat\u00f3rio. A empresa foi defendida pela advogada Gislaine Godoy, do escrit\u00f3rio Espallargas, Gonzales, Sampaio, Fidalgo Advogados.<\/p>\n<p style=\"text-align: justify;\">&#8220;Visto que a mat\u00e9ria n\u00e3o traz qualquer inverdade, n\u00e3o possui car\u00e1ter difamat\u00f3rio \u00e0 honra do autor, bem como est\u00e1 aparada pelo direito de informa\u00e7\u00e3o jornal\u00edstica, poss\u00edvel \u00e0 veicula\u00e7\u00e3o da not\u00edcia da forma como foi feita, n\u00e3o cabendo \u00e0 publica\u00e7\u00e3o de outra mat\u00e9ria a respeito dos fatos ou qualquer indeniza\u00e7\u00e3o&#8221;, afirmou o juiz em senten\u00e7a do dia 30 de abril.<\/p>\n<p style=\"text-align: justify;\">Segundo o juiz, a reportagem n\u00e3o continha nenhuma inverdade. \u201cEra ele sim [Levy Fidelix], nos termos da reportagem e comparando com os outros candidatos (fls.148\/158) quem mais possu\u00eda demandas judiciais no TJ-SP, seja figurando como r\u00e9u, ou at\u00e9 mesmo como autor\u201d, afirmou o juiz.<\/p>\n<p style=\"text-align: justify;\">Levy pediu na Justi\u00e7a que a ConJur fosse condenada a lhe pagar dez sal\u00e1rios m\u00ednimos por danos morais e que o site ainda veiculasse reportagem afirmando que ele n\u00e3o \u00e9 o candidato com mais a\u00e7\u00f5es judiciais em S\u00e3o Paulo.<\/p>\n<p style=\"text-align: justify;\">Guimar\u00e3es considerou descabido o alegado cunho difamat\u00f3rio ou a inten\u00e7\u00e3o de caluni\u00e1-lo. &#8220;N\u00e3o houve pela reportagem imputa\u00e7\u00e3o ao autor de fato definido como crime e assim n\u00e3o h\u00e1 cal\u00fania.&#8221;<\/p>\n<p style=\"text-align: justify;\">O juiz ressaltou ainda que a reportagem teve o cuidado de destacar os processos arquivados ou suspensos, bem como a sua queda para o quarto lugar na lista de candidatos com mais processos em tramita\u00e7\u00e3o no Supremo Tribunal Federal e no Superior Tribunal de Justi\u00e7a.<\/p>\n<p style=\"text-align: justify;\">\u201cAinda que tenha o autor se sentido ofendido na sua honra, o informe era inevit\u00e1vel para passar uma informa\u00e7\u00e3o aos eleitores e que, por ser de interesse p\u00fablico, se insere dentro do direito de informa\u00e7\u00e3o jornal\u00edstica\u201d, disse.<\/p>\n<p style=\"text-align: justify;\">Retrato fiel<br \/>\nEste \u00e9 o segundo processo movido por Levy Fidelix contra a ConJur por causa da reportagem. Em outubro do ano passado a Justi\u00e7a Eleitoral negou ao ent\u00e3o candidato pedido de reposta. Na senten\u00e7a, a ju\u00edza Carla Themis Lagrotta Germano afirmou que o mecanismo de resposta serve para que o candidato se defenda de ofensas ou acusa\u00e7\u00f5es caluniosas, difamat\u00f3rias, injuriosas ou inver\u00eddicas, \u201co que n\u00e3o se constata no caso concreto\u201d.<\/p>\n<p style=\"text-align: justify;\">Quanto \u00e0 veracidade dos fatos da reportagem, a ju\u00edza afirmou que o texto \u201capenas retrata de forma fiel\u201d informa\u00e7\u00f5es colhidas no site do Tribunal de Justi\u00e7a de S\u00e3o Paulo e que a a not\u00edcia \u201cmenciona expressamente que os processos citados abarcam aqueles que est\u00e3o arquivados e suspensos\u201d.<\/p>\n<p style=\"text-align: justify;\"><strong>Clique <a href=\"http:\/\/s.conjur.com.br\/dl\/processo-levy-conjur.pdf\" target=\"_blank\">aqui<\/a> para ler a senten\u00e7a.<\/strong><\/p>\n<p style=\"text-align: justify;\"><em><strong>por CONJUR, da reda\u00e7\u00e3o<\/strong><\/em><\/p>\n","protected":false},"excerpt":{"rendered":"<p>&nbsp; A reportagem que publica conte\u00fado verdadeiro, sem car\u00e1ter difamat\u00f3rio, n\u00e3o d\u00e1 direito a indeniza\u00e7\u00e3o nem a pedido de resposta. O entendimento \u00e9 do juiz Paulo Jorge Scartezzini Guimar\u00e3es, da 4\u00aa Vara C\u00edvel de S\u00e3o Paulo, que julgou improcedente pedido de indeniza\u00e7\u00e3o do candidato derrotado \u00e0 Prefeitura de S\u00e3o Paulo pelo PRTB, Levy Fidelix, contra [&hellip;]<\/p>\n","protected":false},"author":3,"featured_media":4130,"comment_status":"closed","ping_status":"closed","sticky":false,"template":"","format":"standard","meta":{"footnotes":""},"categories":[310,24],"tags":[],"class_list":{"0":"post-47725","1":"post","2":"type-post","3":"status-publish","4":"format-standard","5":"has-post-thumbnail","7":"category-destaques-da-semana","8":"category-fuxicos"},"_links":{"self":[{"href":"https:\/\/senoticias.com.br\/se\/wp-json\/wp\/v2\/posts\/47725"}],"collection":[{"href":"https:\/\/senoticias.com.br\/se\/wp-json\/wp\/v2\/posts"}],"about":[{"href":"https:\/\/senoticias.com.br\/se\/wp-json\/wp\/v2\/types\/post"}],"author":[{"embeddable":true,"href":"https:\/\/senoticias.com.br\/se\/wp-json\/wp\/v2\/users\/3"}],"replies":[{"embeddable":true,"href":"https:\/\/senoticias.com.br\/se\/wp-json\/wp\/v2\/comments?post=47725"}],"version-history":[{"count":0,"href":"https:\/\/senoticias.com.br\/se\/wp-json\/wp\/v2\/posts\/47725\/revisions"}],"wp:featuredmedia":[{"embeddable":true,"href":"https:\/\/senoticias.com.br\/se\/wp-json\/wp\/v2\/media\/4130"}],"wp:attachment":[{"href":"https:\/\/senoticias.com.br\/se\/wp-json\/wp\/v2\/media?parent=47725"}],"wp:term":[{"taxonomy":"category","embeddable":true,"href":"https:\/\/senoticias.com.br\/se\/wp-json\/wp\/v2\/categories?post=47725"},{"taxonomy":"post_tag","embeddable":true,"href":"https:\/\/senoticias.com.br\/se\/wp-json\/wp\/v2\/tags?post=47725"}],"curies":[{"name":"wp","href":"https:\/\/api.w.org\/{rel}","templated":true}]}}