{"id":47722,"date":"2013-05-07T06:33:03","date_gmt":"2013-05-07T09:33:03","guid":{"rendered":"http:\/\/senoticias.com.br\/se\/?p=47722"},"modified":"2013-05-07T18:13:28","modified_gmt":"2013-05-07T21:13:28","slug":"jiboia-ataca-seguranca-da-universidade-federal-de-sergipe","status":"publish","type":"post","link":"https:\/\/senoticias.com.br\/se\/jiboia-ataca-seguranca-da-universidade-federal-de-sergipe\/","title":{"rendered":"Jiboia ataca seguran\u00e7a da Universidade Federal de Sergipe"},"content":{"rendered":"<p><strong>Fredson Navarro, \u00a0do G1 SE<\/strong><\/p>\n<div id=\"attachment_47723\" style=\"width: 310px\" class=\"wp-caption alignleft\"><a href=\"http:\/\/senoticias.com.br\/se\/wp-content\/uploads\/2013\/05\/jiboia_ufs_capa.jpg\"><img loading=\"lazy\" decoding=\"async\" aria-describedby=\"caption-attachment-47723\" class=\"size-medium wp-image-47723\" title=\"\" src=\"http:\/\/senoticias.com.br\/se\/wp-content\/uploads\/2013\/05\/jiboia_ufs_capa-300x119.jpg\" alt=\"\" width=\"300\" height=\"119\" srcset=\"https:\/\/senoticias.com.br\/se\/wp-content\/uploads\/2013\/05\/jiboia_ufs_capa-300x119.jpg 300w, https:\/\/senoticias.com.br\/se\/wp-content\/uploads\/2013\/05\/jiboia_ufs_capa-342x136.jpg 342w, https:\/\/senoticias.com.br\/se\/wp-content\/uploads\/2013\/05\/jiboia_ufs_capa.jpg 550w\" sizes=\"(max-width: 300px) 100vw, 300px\" \/><\/a><p id=\"caption-attachment-47723\" class=\"wp-caption-text\">Cobra media dois metros de comprimento (Foto: Michel Fernandes\/Portal Lagartense)<\/p><\/div>\n<p style=\"text-align: justify;\">Uma jiboia com cerca de dois metros de comprimento foi encontrada na tarde desta segunda-feira (6) no campus da Universidade Federal de Sergipe (UFS) no munic\u00edpio de Lagarto, localizado a 75Km de Aracaju. O animal foi visto no estacionamento da institui\u00e7\u00e3o por um seguran\u00e7a que tentou imobiliz\u00e1-lo, mas teve o seu bra\u00e7o preso pela cobra.<\/p>\n<p style=\"text-align: justify;\">Com a cobra enrolada em volta do bra\u00e7o, o seguran\u00e7a conseguiu segurar a cabe\u00e7a do animal e coloc\u00e1-la em uma caixa de papel\u00e3o.<\/p>\n<p style=\"text-align: justify;\">\u201cTomei um susto quando avistei a cobra e assustado quando ela reagiu, mas consegui colocar ela em uma caixa sem machuca-la\u201d, conta o seguran\u00e7a Sergio Novais. Apesar do susto, o seguran\u00e7a e n\u00e3o foi picado pela cobra.<\/p>\n<p style=\"text-align: justify;\">Alunos, professores e funcion\u00e1rios da institui\u00e7\u00e3o ficaram assustados com a presen\u00e7a da cobra na universidade. \u201cFicamos em p\u00e2nico e as aulas foram suspensas por cerca de 2 horas\u201d, garante a estudante Ang\u00e9lica Lisboa.<\/p>\n<p style=\"text-align: justify;\">O Corpo de Bombeiros foi acionado para resgatar a cobra que foi encaminhada em seguida para o Pelot\u00e3o Ambiental.<\/p>\n<p style=\"text-align: justify;\">O animal foi encontrado com um ferimento e os bombeiros disseram que acreditam que ela foi machucada por algum morador da regi\u00e3o antes de entrar no campus.<\/p>\n","protected":false},"excerpt":{"rendered":"<p>Fredson Navarro, \u00a0do G1 SE Uma jiboia com cerca de dois metros de comprimento foi encontrada na tarde desta segunda-feira (6) no campus da Universidade Federal de Sergipe (UFS) no munic\u00edpio de Lagarto, localizado a 75Km de Aracaju. O animal foi visto no estacionamento da institui\u00e7\u00e3o por um seguran\u00e7a que tentou imobiliz\u00e1-lo, mas teve o [&hellip;]<\/p>\n","protected":false},"author":1,"featured_media":47723,"comment_status":"closed","ping_status":"closed","sticky":false,"template":"","format":"standard","meta":{"footnotes":""},"categories":[310],"tags":[],"class_list":{"0":"post-47722","1":"post","2":"type-post","3":"status-publish","4":"format-standard","5":"has-post-thumbnail","7":"category-destaques-da-semana"},"_links":{"self":[{"href":"https:\/\/senoticias.com.br\/se\/wp-json\/wp\/v2\/posts\/47722"}],"collection":[{"href":"https:\/\/senoticias.com.br\/se\/wp-json\/wp\/v2\/posts"}],"about":[{"href":"https:\/\/senoticias.com.br\/se\/wp-json\/wp\/v2\/types\/post"}],"author":[{"embeddable":true,"href":"https:\/\/senoticias.com.br\/se\/wp-json\/wp\/v2\/users\/1"}],"replies":[{"embeddable":true,"href":"https:\/\/senoticias.com.br\/se\/wp-json\/wp\/v2\/comments?post=47722"}],"version-history":[{"count":0,"href":"https:\/\/senoticias.com.br\/se\/wp-json\/wp\/v2\/posts\/47722\/revisions"}],"wp:featuredmedia":[{"embeddable":true,"href":"https:\/\/senoticias.com.br\/se\/wp-json\/wp\/v2\/media\/47723"}],"wp:attachment":[{"href":"https:\/\/senoticias.com.br\/se\/wp-json\/wp\/v2\/media?parent=47722"}],"wp:term":[{"taxonomy":"category","embeddable":true,"href":"https:\/\/senoticias.com.br\/se\/wp-json\/wp\/v2\/categories?post=47722"},{"taxonomy":"post_tag","embeddable":true,"href":"https:\/\/senoticias.com.br\/se\/wp-json\/wp\/v2\/tags?post=47722"}],"curies":[{"name":"wp","href":"https:\/\/api.w.org\/{rel}","templated":true}]}}