{"id":47718,"date":"2013-05-07T05:50:55","date_gmt":"2013-05-07T08:50:55","guid":{"rendered":"http:\/\/senoticias.com.br\/se\/?p=47718"},"modified":"2013-05-07T05:52:57","modified_gmt":"2013-05-07T08:52:57","slug":"professores-da-rede-estadual-paralisam-atividades-nesta-terca","status":"publish","type":"post","link":"https:\/\/senoticias.com.br\/se\/professores-da-rede-estadual-paralisam-atividades-nesta-terca\/","title":{"rendered":"Professores da rede estadual paralisam atividades nesta ter\u00e7a"},"content":{"rendered":"<p style=\"text-align: justify;\">Os professores da rede estadual paralisam as aulas na pr\u00f3xima ter\u00e7a-feira, 07 de maio. No mesmo dia a partir das 9h os educadores realizam assembleia no Instituto Hist\u00f3rico e Geogr\u00e1fico de Sergipe.<\/p>\n<p style=\"text-align: justify;\">A decis\u00e3o foi tomada na \u00faltima assembleia realizada no dia 18 de abril devido a falta de di\u00e1logo por parte do governo estadual, com rela\u00e7\u00e3o ao reajuste do piso salarial dos anos de 2012 e 2013, leva os professores a decidirem pela paralisa\u00e7\u00e3o. \u201cA categoria tem acumulado preju\u00edzos pela falta de reajuste. Temos buscado a negocia\u00e7\u00e3o para que a lei do piso seja cumprida, mas o Governo do Estado nos ignora\u201d, aponta a presidenta do SINTESE, Angela Maria de Melo.<\/p>\n<p style=\"text-align: justify;\">Vale ressaltar a situa\u00e7\u00e3o dos professores que t\u00eam forma\u00e7\u00e3o em N\u00edvel M\u00e9dio. A forma de pagamento adotada pelo governo \u00e9 perversa, haja vista que os Professores de n\u00edvel I, 1S, 2S e 3S, independente da forma\u00e7\u00e3o profissional e tempo de servi\u00e7o, est\u00e3o recebendo, indevidamente, o mesmo vencimento, inclusive, sem que tenha havido aprova\u00e7\u00e3o de lei nesse sentido pela Assembleia Legislativa.<\/p>\n<p style=\"text-align: justify;\">O Governo de Sergipe sequer respeita a recente do Supremo Tribunal Federal que, ao julgar o Agravo interposto pelo Governo do Rio Grande do Sul, reconheceu que o PSPN \u00e9 no vencimento e na carreira. Tal falta de sensibilidade agrava a tens\u00e3o e a insatisfa\u00e7\u00e3o entre os professores. N\u00e3o podemos abrir m\u00e3o dos nossos direitos, nem de uma luta constru\u00edda ao longo de d\u00e9cadas. N\u00e3o podemos abrir m\u00e3o dos nossos sonhos\u201d, declara a presidente.<\/p>\n<div id=\"attachment_46805\" style=\"width: 243px\" class=\"wp-caption alignleft\"><a href=\"http:\/\/senoticias.com.br\/se\/wp-content\/uploads\/2013\/04\/piso_para_todos.jpg\"><img loading=\"lazy\" decoding=\"async\" aria-describedby=\"caption-attachment-46805\" class=\"size-medium wp-image-46805\" title=\"\" src=\"http:\/\/senoticias.com.br\/se\/wp-content\/uploads\/2013\/04\/piso_para_todos-233x300.jpg\" alt=\"\" width=\"233\" height=\"300\" srcset=\"https:\/\/senoticias.com.br\/se\/wp-content\/uploads\/2013\/04\/piso_para_todos-233x300.jpg 233w, https:\/\/senoticias.com.br\/se\/wp-content\/uploads\/2013\/04\/piso_para_todos-300x385.jpg 300w, https:\/\/senoticias.com.br\/se\/wp-content\/uploads\/2013\/04\/piso_para_todos.jpg 374w\" sizes=\"(max-width: 233px) 100vw, 233px\" \/><\/a><p id=\"caption-attachment-46805\" class=\"wp-caption-text\">Campanha piso para todos. (Divulga\u00e7\u00e3o)<\/p><\/div>\n<p style=\"text-align: justify;\">Durante a paralisa\u00e7\u00e3o nacional da Educa\u00e7\u00e3o ocorrida entre os dias 23 e 35 a presidenta do SINTESE apresentou dados em pronunciamento na Assembleia Legislativa que mostram que o governo do Estado tem condi\u00e7\u00f5es de negociar o pagamento do piso. Os dados oficiais mostram que houve evolu\u00e7\u00e3o na receita destinada \u00e0 educa\u00e7\u00e3o p\u00fablica, incluindo os repasses do Fundeb, MDE e FNDE. A m\u00e9dia de crescimento da receita para 2013 \u00e9 de 21,90%.<\/p>\n<p style=\"text-align: justify;\"><strong>Inconsist\u00eancia de dados<\/strong><\/p>\n<p style=\"text-align: justify;\">H\u00e1 uma incongru\u00eancia nos dados referentes \u00e0 quantidade de recursos do Fundeb passados pelo Governo do Estado. Segundo ela, os valores apresentados pela Secretaria de Estado da Educa\u00e7\u00e3o (SEED) relativos ao fundo, diferem dos dados coletados junto \u00e0 Secretaria da Fazendo (Sefaz). Entre mar\u00e7o e abril de 2012, h\u00e1 uma diferen\u00e7a de 4 milh\u00f5es entre os valores, montante que chega a 15 milh\u00f5es em janeiro deste ano e a 33 milh\u00f5es em dezembro do ano passado.<\/p>\n<p style=\"text-align: justify;\">A irregularidade j\u00e1 foi confirmada por peritos cont\u00e1beis e, segundo \u00c2ngela, o Sintese ir\u00e1 arguir mais uma vez o Tribunal de Contas e o Minist\u00e9rio P\u00fablico para que eles investiguem e se pronunciem sobre o caso. \u201cA quem serve isso? A quem interessa esconder dados?\u201d, questionou a sindicalista.<\/p>\n<p style=\"text-align: justify;\">Faz-se necess\u00e1rio que o Governo de Sergipe firme um processo de negocia\u00e7\u00e3o justo e leg\u00edtimo com os trabalhadores, principalmente agora com a aprova\u00e7\u00e3o do Congresso Nacional e san\u00e7\u00e3o pela presidenta da Rep\u00fablica da Conven\u00e7\u00e3o 151, que torna obrigat\u00f3ria a negocia\u00e7\u00e3o sindical entre gestores e servidores p\u00fablicos.<\/p>\n<p style=\"text-align: justify;\"><strong>Sintese com informa\u00e7\u00f5es da Ascom do mandato da dep. Ana L\u00facia<\/strong><\/p>\n","protected":false},"excerpt":{"rendered":"<p>Os professores da rede estadual paralisam as aulas na pr\u00f3xima ter\u00e7a-feira, 07 de maio. No mesmo dia a partir das 9h os educadores realizam assembleia no Instituto Hist\u00f3rico e Geogr\u00e1fico de Sergipe. A decis\u00e3o foi tomada na \u00faltima assembleia realizada no dia 18 de abril devido a falta de di\u00e1logo por parte do governo estadual, [&hellip;]<\/p>\n","protected":false},"author":1,"featured_media":46805,"comment_status":"closed","ping_status":"closed","sticky":false,"template":"","format":"standard","meta":{"footnotes":""},"categories":[15,44,26,1],"tags":[],"class_list":{"0":"post-47718","1":"post","2":"type-post","3":"status-publish","4":"format-standard","5":"has-post-thumbnail","7":"category-destaques","8":"category-educacao","9":"category-esportes","10":"category-sem-categoria"},"_links":{"self":[{"href":"https:\/\/senoticias.com.br\/se\/wp-json\/wp\/v2\/posts\/47718"}],"collection":[{"href":"https:\/\/senoticias.com.br\/se\/wp-json\/wp\/v2\/posts"}],"about":[{"href":"https:\/\/senoticias.com.br\/se\/wp-json\/wp\/v2\/types\/post"}],"author":[{"embeddable":true,"href":"https:\/\/senoticias.com.br\/se\/wp-json\/wp\/v2\/users\/1"}],"replies":[{"embeddable":true,"href":"https:\/\/senoticias.com.br\/se\/wp-json\/wp\/v2\/comments?post=47718"}],"version-history":[{"count":0,"href":"https:\/\/senoticias.com.br\/se\/wp-json\/wp\/v2\/posts\/47718\/revisions"}],"wp:featuredmedia":[{"embeddable":true,"href":"https:\/\/senoticias.com.br\/se\/wp-json\/wp\/v2\/media\/46805"}],"wp:attachment":[{"href":"https:\/\/senoticias.com.br\/se\/wp-json\/wp\/v2\/media?parent=47718"}],"wp:term":[{"taxonomy":"category","embeddable":true,"href":"https:\/\/senoticias.com.br\/se\/wp-json\/wp\/v2\/categories?post=47718"},{"taxonomy":"post_tag","embeddable":true,"href":"https:\/\/senoticias.com.br\/se\/wp-json\/wp\/v2\/tags?post=47718"}],"curies":[{"name":"wp","href":"https:\/\/api.w.org\/{rel}","templated":true}]}}