{"id":47712,"date":"2013-05-06T23:32:54","date_gmt":"2013-05-07T02:32:54","guid":{"rendered":"http:\/\/senoticias.com.br\/se\/?p=47712"},"modified":"2013-05-06T23:37:07","modified_gmt":"2013-05-07T02:37:07","slug":"assembleia-de-servidores-da-prefeitura-de-aracaju-avalia-mobilizacao-e-indicativo-de-greve","status":"publish","type":"post","link":"https:\/\/senoticias.com.br\/se\/assembleia-de-servidores-da-prefeitura-de-aracaju-avalia-mobilizacao-e-indicativo-de-greve\/","title":{"rendered":"Assembleia de servidores da Prefeitura de Aracaju avalia mobiliza\u00e7\u00e3o e indicativo de greve"},"content":{"rendered":"<p>&nbsp;<\/p>\n<div id=\"attachment_47713\" style=\"width: 210px\" class=\"wp-caption alignleft\"><a href=\"http:\/\/senoticias.com.br\/se\/wp-content\/uploads\/2013\/05\/categorias-200x150.jpg\"><img loading=\"lazy\" decoding=\"async\" aria-describedby=\"caption-attachment-47713\" class=\"size-full wp-image-47713\" title=\"categorias-200x150\" src=\"http:\/\/senoticias.com.br\/se\/wp-content\/uploads\/2013\/05\/categorias-200x150.jpg\" alt=\"\" width=\"200\" height=\"150\" srcset=\"https:\/\/senoticias.com.br\/se\/wp-content\/uploads\/2013\/05\/categorias-200x150.jpg 200w, https:\/\/senoticias.com.br\/se\/wp-content\/uploads\/2013\/05\/categorias-200x150-60x45.jpg 60w, https:\/\/senoticias.com.br\/se\/wp-content\/uploads\/2013\/05\/categorias-200x150-150x113.jpg 150w\" sizes=\"(max-width: 200px) 100vw, 200px\" \/><\/a><p id=\"caption-attachment-47713\" class=\"wp-caption-text\">Servidores P\u00fablicos de Aracaju podem parar. (Divulga\u00e7\u00e3o)<\/p><\/div>\n<p style=\"text-align: justify;\">A partir das 15h desta ter\u00e7a-feira, dia 07\/05, as 14 categorias de trabalhadores da Prefeitura Municipal de Aracaju se re\u00fanem em assembleia geral no Sindicato dos Banc\u00e1rios para definir os pr\u00f3ximos passos da mobiliza\u00e7\u00e3o pela instala\u00e7\u00e3o da Mesa de Negocia\u00e7\u00e3o e contra o reajuste de 5%, abaixo do \u00edndice de infla\u00e7\u00e3o e desconsiderando a data base de janeiro.<\/p>\n<p style=\"text-align: justify;\">Avalia\u00e7\u00e3o do movimento intersindical e indicativo de greve s\u00e3o pautas da assembleia que est\u00e1 marcada para acontecer na ter\u00e7a-feira. A companheira Sandra Feitosa, da dire\u00e7\u00e3o do Sindicato dos Assistentes Sociais de Sergipe (SINDASSE), que participou da reuni\u00e3o realizada na manh\u00e3 desta segunda-feira, 06\/05, no Sindicato dos Banc\u00e1rios, pensa que independentemente do resultado da assembleia, \u00e9 muito importante que a mobiliza\u00e7\u00e3o seja mantida.<\/p>\n<p style=\"text-align: justify;\">\u201cMesmo com a instala\u00e7\u00e3o da mesa de negocia\u00e7\u00e3o, os sindicatos precisam continuar se reunindo e se mantendo mobilizados\u201d, observou.<\/p>\n<p style=\"text-align: justify;\">Na \u00faltima sexta-feira, 03\/05, os sindicalistas se reuniram com o prefeito Jo\u00e3o Alves Filho que se comprometeu em enviar \u00e0 C\u00e2mara Municipal um Projeto de Lei Complementar regulamentando a Mesa Permanente de Negocia\u00e7\u00e3o.<\/p>\n<p style=\"text-align: justify;\">O presidente do Sindicato dos Psic\u00f3logos de Sergipe, Heitor Freitas, sugere, entre as demandas dos trabalhadores da Sa\u00fade, que seja inserida a pauta da Mesa Permanente de Negocia\u00e7\u00e3o do SUS, mas relata que na reuni\u00e3o da sexta-feira, n\u00e3o houve avan\u00e7os sobre eleva\u00e7\u00e3o do percentual de reajuste dos servidores.<\/p>\n<p style=\"text-align: justify;\">\u201cO prefeito repetiu que n\u00e3o pode pagar nada al\u00e9m do que j\u00e1 anunciou. Ele s\u00f3 garantiu que vai reconsiderar algumas gratifica\u00e7\u00f5es como horas-extras que foram cortadas desde o in\u00edcio de sua gest\u00e3o\u201d, explicou.<\/p>\n<p style=\"text-align: justify;\"><strong>Por Iracema Corso<\/strong><\/p>\n","protected":false},"excerpt":{"rendered":"<p>&nbsp; A partir das 15h desta ter\u00e7a-feira, dia 07\/05, as 14 categorias de trabalhadores da Prefeitura Municipal de Aracaju se re\u00fanem em assembleia geral no Sindicato dos Banc\u00e1rios para definir os pr\u00f3ximos passos da mobiliza\u00e7\u00e3o pela instala\u00e7\u00e3o da Mesa de Negocia\u00e7\u00e3o e contra o reajuste de 5%, abaixo do \u00edndice de infla\u00e7\u00e3o e desconsiderando a [&hellip;]<\/p>\n","protected":false},"author":1,"featured_media":47713,"comment_status":"closed","ping_status":"closed","sticky":false,"template":"","format":"standard","meta":{"footnotes":""},"categories":[6,1],"tags":[],"class_list":{"0":"post-47712","1":"post","2":"type-post","3":"status-publish","4":"format-standard","5":"has-post-thumbnail","7":"category-politica","8":"category-sem-categoria"},"_links":{"self":[{"href":"https:\/\/senoticias.com.br\/se\/wp-json\/wp\/v2\/posts\/47712"}],"collection":[{"href":"https:\/\/senoticias.com.br\/se\/wp-json\/wp\/v2\/posts"}],"about":[{"href":"https:\/\/senoticias.com.br\/se\/wp-json\/wp\/v2\/types\/post"}],"author":[{"embeddable":true,"href":"https:\/\/senoticias.com.br\/se\/wp-json\/wp\/v2\/users\/1"}],"replies":[{"embeddable":true,"href":"https:\/\/senoticias.com.br\/se\/wp-json\/wp\/v2\/comments?post=47712"}],"version-history":[{"count":0,"href":"https:\/\/senoticias.com.br\/se\/wp-json\/wp\/v2\/posts\/47712\/revisions"}],"wp:featuredmedia":[{"embeddable":true,"href":"https:\/\/senoticias.com.br\/se\/wp-json\/wp\/v2\/media\/47713"}],"wp:attachment":[{"href":"https:\/\/senoticias.com.br\/se\/wp-json\/wp\/v2\/media?parent=47712"}],"wp:term":[{"taxonomy":"category","embeddable":true,"href":"https:\/\/senoticias.com.br\/se\/wp-json\/wp\/v2\/categories?post=47712"},{"taxonomy":"post_tag","embeddable":true,"href":"https:\/\/senoticias.com.br\/se\/wp-json\/wp\/v2\/tags?post=47712"}],"curies":[{"name":"wp","href":"https:\/\/api.w.org\/{rel}","templated":true}]}}