{"id":47710,"date":"2013-05-06T19:58:09","date_gmt":"2013-05-06T22:58:09","guid":{"rendered":"http:\/\/senoticias.com.br\/se\/?p=47710"},"modified":"2013-05-07T14:56:57","modified_gmt":"2013-05-07T17:56:57","slug":"gestao-deda-vai-entrar-para-a-historia-como-maior-governo-que-sergipe-ja-viu-diz-marcio-macedo","status":"publish","type":"post","link":"https:\/\/senoticias.com.br\/se\/gestao-deda-vai-entrar-para-a-historia-como-maior-governo-que-sergipe-ja-viu-diz-marcio-macedo\/","title":{"rendered":"&#8220;Gest\u00e3o D\u00e9da vai entrar para a hist\u00f3ria como maior Governo que Sergipe j\u00e1 viu&#8221;, diz M\u00e1rcio Mac\u00eado"},"content":{"rendered":"<div id=\"attachment_28491\" style=\"width: 242px\" class=\"wp-caption alignleft\"><a href=\"http:\/\/senoticias.com.br\/se\/wp-content\/uploads\/2012\/03\/mm.jpg\"><img loading=\"lazy\" decoding=\"async\" aria-describedby=\"caption-attachment-28491\" class=\"size-medium wp-image-28491\" title=\"M\u00e1rcio Macedo\" src=\"http:\/\/senoticias.com.br\/se\/wp-content\/uploads\/2012\/03\/mm-232x300.jpg\" alt=\"\" width=\"232\" height=\"300\" srcset=\"https:\/\/senoticias.com.br\/se\/wp-content\/uploads\/2012\/03\/mm-232x300.jpg 232w, https:\/\/senoticias.com.br\/se\/wp-content\/uploads\/2012\/03\/mm-793x1024.jpg 793w, https:\/\/senoticias.com.br\/se\/wp-content\/uploads\/2012\/03\/mm-342x441.jpg 342w, https:\/\/senoticias.com.br\/se\/wp-content\/uploads\/2012\/03\/mm-300x387.jpg 300w, https:\/\/senoticias.com.br\/se\/wp-content\/uploads\/2012\/03\/mm.jpg 800w\" sizes=\"(max-width: 232px) 100vw, 232px\" \/><\/a><p id=\"caption-attachment-28491\" class=\"wp-caption-text\">M\u00e1rcio Mac\u00eado. (Reprodu\u00e7\u00e3o). (Foto: Reprodu\u00e7\u00e3o)<\/p><\/div>\n<p style=\"text-align: justify;\">deputado federal M\u00e1rcio Mac\u00eado, durante a caravana do Partido dos Trabalhadores (PT), em Est\u00e2ncia, no \u00faltimo s\u00e1bado (4), afirmou que a gest\u00e3o Marcelo D\u00e9da \u201cvai entrar para a hist\u00f3ria como o maior Governo que Sergipe j\u00e1 viu\u201d. \u201cMesmo com as contradi\u00e7\u00f5es e problemas, como \u00e9 normal em qualquer organiza\u00e7\u00e3o humana, o Governo D\u00e9da tem um conjunto de obras em diversas \u00e1reas que marcam a hist\u00f3ria de Sergipe. O seu Governo trata o er\u00e1rio p\u00fablico de forma decente e n\u00e3o permite que o pal\u00e1cio seja balc\u00e3o de neg\u00f3cios. Ele tamb\u00e9m implementou as pol\u00edticas p\u00fablicas em Sergipe, com participa\u00e7\u00e3o popular\u201d, afirmou.<br \/>\nNo entanto, ele ressaltou que o Governo \u201cse comunica mal\u201d. \u201cA comunica\u00e7\u00e3o precisa ser mais eficiente para informar melhor ao conjunto da popula\u00e7\u00e3o todas as obras que fizemos e assim fazer o enfrentamento \u00e0s oposi\u00e7\u00f5es. \u00c9 inadmiss\u00edvel n\u00e3o termos aqui neste encontro uma cartilha sobre as a\u00e7\u00f5es do nosso Governo para orientar os companheiros, para que eles possam enfrentar, com autonomia, as elites locais\u201d, refor\u00e7ou.<\/p>\n<p style=\"text-align: justify;\">Em rela\u00e7\u00e3o \u00e0 pol\u00edtica nacional, M\u00e1rcio Mac\u00eado afirmou que a presidente Dilma Rousseff deve atuar em tr\u00eas eixos (infraestrutura, educa\u00e7\u00e3o e ci\u00eancia e tecnologia ) para continuar desenvolvendo o pa\u00eds e ampliar o peso do Brasil no mercado internacional e na pol\u00edtica externa. \u201cAcho que a presidente, Dilma a partir do legado de Lula, que todos conhecemos, tem que desenvolver essas tr\u00eas frentes de a\u00e7\u00e3o. Em infraestrutura, para resolver os gargalos do pa\u00eds. Deve atuar para melhorar aeroportos, rodovias, portos e construir ferrovias, para poder exportar sua riqueza e manter o com\u00e9rcio interno aquecido e ter uma posi\u00e7\u00e3o externa competitiva e soberana\u201d, ressaltou.<\/p>\n<p style=\"text-align: justify;\">Sobre Educa\u00e7\u00e3o, o parlamentar se mostrou muito satisfeito com o pronunciamento da presidente em cadeia nacional no \u00faltimo dia 1\u00ba de maio, quando ressaltou o envio de projeto ao Congresso Nacional, que destina 100% dos royalties do petr\u00f3leo e do pr\u00e9-sal para a \u00e1rea. \u201cO investimento maci\u00e7o em Educa\u00e7\u00e3o \u00e9 imperativo para transformar o Brasil numa pot\u00eancia mundial. Os investimentos na educa\u00e7\u00e3o s\u00e3o importantes para valorizar o professor com bom sal\u00e1rio, preparar uma reforma curricular profunda e introduzir a escola em tempo integral. O Brasil precisa tamb\u00e9m atuar para que o jovem quando encerrar o Ensino Fundamental e M\u00e9dio possa sair da escola com uma profiss\u00e3o e iniciar o Ensino Superior\u201d, disse.<\/p>\n<p style=\"text-align: justify;\">J\u00e1 no quesito Ci\u00eancia e Tecnologia, ele afirmou que investir nesta \u00e1rea \u00e9 \u201cfundamental para obter conhecimento e fazer o enfrentamento com as grandes pot\u00eancias\u201d. \u201cTemos a maior biodiversidade do planeta, o maior potencial de \u00e1gua doce, temos sol de janeiro a janeiro, o nosso litoral tem grandes capacidades, para investir em energia solar, e\u00f3lica, al\u00e9m de lidar de forma mais competente com o mercado de patentes. O PT tem que formular essas linhas de atua\u00e7\u00e3o e propor a presidente\u201d, defendeu.<\/p>\n<p style=\"text-align: justify;\">Por fim, M\u00e1rcio ainda frisou que a conjuntura pol\u00edtica estadual que se apresenta para o PT requer do partido uma estrat\u00e9gia bem elaborada. \u201cDevemos fazer isto coletivamente. N\u00e3o temos mais espa\u00e7o para repetir modelos centralizadores. Daqui por diante, o PT deve construir de forma coletiva, exercendo-se a maioria, mas respeitando as minorias. Devemos considerar as diversas correntes, na elei\u00e7\u00e3o interna, mas passado este processo, devemos manter a unidade de a\u00e7\u00e3o, que precisamos para abrir um novo ciclo na nossa hist\u00f3ria, pois o PT nasceu com a voca\u00e7\u00e3o de governar Sergipe e o Brasil, e transform\u00e1-los para melhor\u201d, disse.<\/p>\n<p style=\"text-align: justify;\"><em><strong>Da Assessoria de Imprensa<\/strong><\/em><\/p>\n","protected":false},"excerpt":{"rendered":"<p>deputado federal M\u00e1rcio Mac\u00eado, durante a caravana do Partido dos Trabalhadores (PT), em Est\u00e2ncia, no \u00faltimo s\u00e1bado (4), afirmou que a gest\u00e3o Marcelo D\u00e9da \u201cvai entrar para a hist\u00f3ria como o maior Governo que Sergipe j\u00e1 viu\u201d. \u201cMesmo com as contradi\u00e7\u00f5es e problemas, como \u00e9 normal em qualquer organiza\u00e7\u00e3o humana, o Governo D\u00e9da tem um [&hellip;]<\/p>\n","protected":false},"author":1,"featured_media":28491,"comment_status":"closed","ping_status":"closed","sticky":false,"template":"","format":"standard","meta":{"footnotes":""},"categories":[6,1],"tags":[],"class_list":{"0":"post-47710","1":"post","2":"type-post","3":"status-publish","4":"format-standard","5":"has-post-thumbnail","7":"category-politica","8":"category-sem-categoria"},"_links":{"self":[{"href":"https:\/\/senoticias.com.br\/se\/wp-json\/wp\/v2\/posts\/47710"}],"collection":[{"href":"https:\/\/senoticias.com.br\/se\/wp-json\/wp\/v2\/posts"}],"about":[{"href":"https:\/\/senoticias.com.br\/se\/wp-json\/wp\/v2\/types\/post"}],"author":[{"embeddable":true,"href":"https:\/\/senoticias.com.br\/se\/wp-json\/wp\/v2\/users\/1"}],"replies":[{"embeddable":true,"href":"https:\/\/senoticias.com.br\/se\/wp-json\/wp\/v2\/comments?post=47710"}],"version-history":[{"count":0,"href":"https:\/\/senoticias.com.br\/se\/wp-json\/wp\/v2\/posts\/47710\/revisions"}],"wp:featuredmedia":[{"embeddable":true,"href":"https:\/\/senoticias.com.br\/se\/wp-json\/wp\/v2\/media\/28491"}],"wp:attachment":[{"href":"https:\/\/senoticias.com.br\/se\/wp-json\/wp\/v2\/media?parent=47710"}],"wp:term":[{"taxonomy":"category","embeddable":true,"href":"https:\/\/senoticias.com.br\/se\/wp-json\/wp\/v2\/categories?post=47710"},{"taxonomy":"post_tag","embeddable":true,"href":"https:\/\/senoticias.com.br\/se\/wp-json\/wp\/v2\/tags?post=47710"}],"curies":[{"name":"wp","href":"https:\/\/api.w.org\/{rel}","templated":true}]}}