{"id":47707,"date":"2013-05-06T19:38:43","date_gmt":"2013-05-06T22:38:43","guid":{"rendered":"http:\/\/senoticias.com.br\/se\/?p=47707"},"modified":"2013-05-06T19:55:36","modified_gmt":"2013-05-06T22:55:36","slug":"vereadora-cria-projeto-que-isenta-familias-de-despesas-com-registro-de-imoveis","status":"publish","type":"post","link":"https:\/\/senoticias.com.br\/se\/vereadora-cria-projeto-que-isenta-familias-de-despesas-com-registro-de-imoveis\/","title":{"rendered":"Vereadora cria projeto que isenta fam\u00edlias de despesas com registro de im\u00f3veis"},"content":{"rendered":"<p>&nbsp;<\/p>\n<p style=\"text-align: justify;\"><em><strong>Ser\u00e3o beneficiadas com a escritura as fam\u00edlias de baixa renda que n\u00e3o possuem outro im\u00f3vel<\/strong><\/em><\/p>\n<div id=\"attachment_47708\" style=\"width: 236px\" class=\"wp-caption alignleft\"><a href=\"http:\/\/senoticias.com.br\/se\/wp-content\/uploads\/2013\/05\/Vereadora.jpg\"><img loading=\"lazy\" decoding=\"async\" aria-describedby=\"caption-attachment-47708\" class=\"size-full wp-image-47708\" title=\"\" src=\"http:\/\/senoticias.com.br\/se\/wp-content\/uploads\/2013\/05\/Vereadora.jpg\" alt=\"\" width=\"226\" height=\"151\" \/><\/a><p id=\"caption-attachment-47708\" class=\"wp-caption-text\">Vereadora cria projeto que isenta fam\u00edlias de despesas com registro de im\u00f3veis. (Foto: Divulga\u00e7\u00e3o)<\/p><\/div>\n<p style=\"text-align: justify;\">Uma iniciativa inovadora da vereadora Em\u00edlia Correa (DEM) pode beneficiar mais de 500 fam\u00edlias de baixa renda que residem na Capital. O projeto de Lei de sua autoria disp\u00f5e sobre o pagamento de despesas com escritura p\u00fablica de registro de im\u00f3veis.<\/p>\n<p style=\"text-align: justify;\">Ao justificar o projeto, a vereadora afirmou que existem v\u00e1rias fam\u00edlias cadastradas nos empreendimentos habitacionais que n\u00e3o conseguem vencer barreiras burocr\u00e1ticas para a defesa da casa pr\u00f3pria rec\u00e9m-adquirida. \u201cH\u00e1 um grave problema de registros de escrituras p\u00fablicas dos im\u00f3veis destinados \u00e0s pessoas hipossuficientes. Muitas possuem a propriedade de fato, mas por fatores burocr\u00e1ticos e econ\u00f4micos n\u00e3o podem proteger todos os direitos da propriedade que possui por direito\u201d, declarou Em\u00edlia.<\/p>\n<p style=\"text-align: justify;\">Em\u00edlia Correa ressaltou que a quest\u00e3o \u00e9 de cunho social. \u201cA casa forma o asilo inviol\u00e1vel e essencial para a forma\u00e7\u00e3o segura da intimidade familiar, da cria\u00e7\u00e3o dos filhos e da prote\u00e7\u00e3o de quem j\u00e1 atingiu a melhor idade. O lar \u00e9, afinal de contas, o recanto seguro que todos n\u00f3s almejamos e necessitamos. Sem ele, qualquer pessoa estar\u00e1 vulner\u00e1vel e sujeita a qualquer sorte\u201d, argumentou.<\/p>\n<p style=\"text-align: justify;\"><strong>Projeto \u2013<\/strong> A lei beneficia a popula\u00e7\u00e3o cuja renda mensal n\u00e3o ultrapasse tr\u00eas sal\u00e1rios m\u00ednimos. Al\u00e9m disso, ser\u00e3o contempladas as fam\u00edlias devidamente cadastradas e que n\u00e3o possuem outro im\u00f3vel com fins residenciais. \u201cA Secretaria de Assist\u00eancia Social poder\u00e1 requerer a inclus\u00e3o de im\u00f3veis que julgar de interesse social\u201d, concluiu Em\u00edlia Corr\u00eaa.<\/p>\n<p style=\"text-align: justify;\"><em><strong>por Debora Matos &#8211; Assessoria de Imprensa<\/strong><\/em><\/p>\n","protected":false},"excerpt":{"rendered":"<p>&nbsp; Ser\u00e3o beneficiadas com a escritura as fam\u00edlias de baixa renda que n\u00e3o possuem outro im\u00f3vel Uma iniciativa inovadora da vereadora Em\u00edlia Correa (DEM) pode beneficiar mais de 500 fam\u00edlias de baixa renda que residem na Capital. O projeto de Lei de sua autoria disp\u00f5e sobre o pagamento de despesas com escritura p\u00fablica de registro [&hellip;]<\/p>\n","protected":false},"author":1,"featured_media":47708,"comment_status":"closed","ping_status":"closed","sticky":false,"template":"","format":"standard","meta":{"footnotes":""},"categories":[6],"tags":[],"class_list":{"0":"post-47707","1":"post","2":"type-post","3":"status-publish","4":"format-standard","5":"has-post-thumbnail","7":"category-politica"},"_links":{"self":[{"href":"https:\/\/senoticias.com.br\/se\/wp-json\/wp\/v2\/posts\/47707"}],"collection":[{"href":"https:\/\/senoticias.com.br\/se\/wp-json\/wp\/v2\/posts"}],"about":[{"href":"https:\/\/senoticias.com.br\/se\/wp-json\/wp\/v2\/types\/post"}],"author":[{"embeddable":true,"href":"https:\/\/senoticias.com.br\/se\/wp-json\/wp\/v2\/users\/1"}],"replies":[{"embeddable":true,"href":"https:\/\/senoticias.com.br\/se\/wp-json\/wp\/v2\/comments?post=47707"}],"version-history":[{"count":0,"href":"https:\/\/senoticias.com.br\/se\/wp-json\/wp\/v2\/posts\/47707\/revisions"}],"wp:featuredmedia":[{"embeddable":true,"href":"https:\/\/senoticias.com.br\/se\/wp-json\/wp\/v2\/media\/47708"}],"wp:attachment":[{"href":"https:\/\/senoticias.com.br\/se\/wp-json\/wp\/v2\/media?parent=47707"}],"wp:term":[{"taxonomy":"category","embeddable":true,"href":"https:\/\/senoticias.com.br\/se\/wp-json\/wp\/v2\/categories?post=47707"},{"taxonomy":"post_tag","embeddable":true,"href":"https:\/\/senoticias.com.br\/se\/wp-json\/wp\/v2\/tags?post=47707"}],"curies":[{"name":"wp","href":"https:\/\/api.w.org\/{rel}","templated":true}]}}