{"id":47705,"date":"2013-05-06T19:50:28","date_gmt":"2013-05-06T22:50:28","guid":{"rendered":"http:\/\/senoticias.com.br\/se\/?p=47705"},"modified":"2013-05-06T19:50:39","modified_gmt":"2013-05-06T22:50:39","slug":"acao-da-defensoria-publica-regulariza-abastecimento-de-agua-em-itabaiana","status":"publish","type":"post","link":"https:\/\/senoticias.com.br\/se\/acao-da-defensoria-publica-regulariza-abastecimento-de-agua-em-itabaiana\/","title":{"rendered":"A\u00e7\u00e3o da Defensoria P\u00fablica regulariza abastecimento de \u00e1gua em Itabaiana"},"content":{"rendered":"<p>&nbsp;<\/p>\n<div id=\"attachment_47706\" style=\"width: 310px\" class=\"wp-caption alignleft\"><a href=\"http:\/\/senoticias.com.br\/se\/wp-content\/uploads\/2013\/05\/verissimo-defensor-p\u00fablico.jpg\"><img loading=\"lazy\" decoding=\"async\" aria-describedby=\"caption-attachment-47706\" class=\"size-medium wp-image-47706\" title=\"\" src=\"http:\/\/senoticias.com.br\/se\/wp-content\/uploads\/2013\/05\/verissimo-defensor-p\u00fablico-300x200.jpg\" alt=\"\" width=\"300\" height=\"200\" srcset=\"https:\/\/senoticias.com.br\/se\/wp-content\/uploads\/2013\/05\/verissimo-defensor-p\u00fablico-300x200.jpg 300w, https:\/\/senoticias.com.br\/se\/wp-content\/uploads\/2013\/05\/verissimo-defensor-p\u00fablico-342x228.jpg 342w, https:\/\/senoticias.com.br\/se\/wp-content\/uploads\/2013\/05\/verissimo-defensor-p\u00fablico.jpg 540w\" sizes=\"(max-width: 300px) 100vw, 300px\" \/><\/a><p id=\"caption-attachment-47706\" class=\"wp-caption-text\">Popula\u00e7\u00e3o vinha sofrendo com a falta de \u00e1gua h\u00e1 mais de 60 dias. (Foto: Divulga\u00e7\u00e3o\/Ascom)<\/p><\/div>\n<p style=\"text-align: justify;\">A Defensoria P\u00fablica do Estado de Sergipe, atrav\u00e9s do defensor p\u00fablico Ver\u00edssimo Jos\u00e9 de Oliveira, ingressou com A\u00e7\u00e3o Civil P\u00fablica em face da Companhia de Saneamento de Sergipe \u2013 Deso, pleiteando a regulariza\u00e7\u00e3o do abastecimento de \u00e1gua no munic\u00edpio de Itabaiana.<\/p>\n<p style=\"text-align: justify;\">Segundo o defensor p\u00fablico, a popula\u00e7\u00e3o vinha sofrendo h\u00e1 mais de 60 dias sem \u00e1gua. \u201cRecebemos reclama\u00e7\u00f5es de moradores dos bairros Torre e Bananeiras, que estavam sem \u00e1gua h\u00e1 quase dois meses. Na ACP, pleiteamos a regulariza\u00e7\u00e3o do abastecimento e, em caso de descumprimento, uma multa de R$ 5 mil em favor da Deso. Al\u00e9m da a\u00e7\u00e3o, sugeri ao presidente da C\u00e2mara de Vereadores que realizasse uma audi\u00eancia p\u00fablica com os moradores e a Deso para solucionar o problema, o que foi acatado\u201d, disse Ver\u00edssimo Oliveira.<\/p>\n<p style=\"text-align: justify;\">A magistrada Maria Diorlinda Castro N\u00f3brega deferiu o pedido da Defensoria P\u00fablica e concedeu uma liminar determinando que a Deso proceda o remanejamento de sua rede, objetivando o fornecimento de \u00e1gua at\u00e9 que seja efetuada a amplia\u00e7\u00e3o dos servi\u00e7os no munic\u00edpio sob pena de multa di\u00e1ria de R$ 2 mil em caso de descumprimento.<\/p>\n<p style=\"text-align: justify;\">Para Ver\u00edssimo Oliveira, a Defensoria P\u00fablica cumpriu o seu papel. \u201cA institui\u00e7\u00e3o defendeu o direito da popula\u00e7\u00e3o itabaianense, que estava massacrada em seus direitos, demonstrando assim a sua import\u00e2ncia na solu\u00e7\u00e3o dos problemas sociais\u201d, destacou.<\/p>\n<p style=\"text-align: justify;\"><em><strong>por\u00a0Debora Matos &#8211; Assessoria de Comunica\u00e7\u00e3o<\/strong><\/em><\/p>\n","protected":false},"excerpt":{"rendered":"<p>&nbsp; A Defensoria P\u00fablica do Estado de Sergipe, atrav\u00e9s do defensor p\u00fablico Ver\u00edssimo Jos\u00e9 de Oliveira, ingressou com A\u00e7\u00e3o Civil P\u00fablica em face da Companhia de Saneamento de Sergipe \u2013 Deso, pleiteando a regulariza\u00e7\u00e3o do abastecimento de \u00e1gua no munic\u00edpio de Itabaiana. Segundo o defensor p\u00fablico, a popula\u00e7\u00e3o vinha sofrendo h\u00e1 mais de 60 dias [&hellip;]<\/p>\n","protected":false},"author":1,"featured_media":47706,"comment_status":"closed","ping_status":"closed","sticky":false,"template":"","format":"standard","meta":{"footnotes":""},"categories":[43],"tags":[],"class_list":{"0":"post-47705","1":"post","2":"type-post","3":"status-publish","4":"format-standard","5":"has-post-thumbnail","7":"category-voce-reporter"},"_links":{"self":[{"href":"https:\/\/senoticias.com.br\/se\/wp-json\/wp\/v2\/posts\/47705"}],"collection":[{"href":"https:\/\/senoticias.com.br\/se\/wp-json\/wp\/v2\/posts"}],"about":[{"href":"https:\/\/senoticias.com.br\/se\/wp-json\/wp\/v2\/types\/post"}],"author":[{"embeddable":true,"href":"https:\/\/senoticias.com.br\/se\/wp-json\/wp\/v2\/users\/1"}],"replies":[{"embeddable":true,"href":"https:\/\/senoticias.com.br\/se\/wp-json\/wp\/v2\/comments?post=47705"}],"version-history":[{"count":0,"href":"https:\/\/senoticias.com.br\/se\/wp-json\/wp\/v2\/posts\/47705\/revisions"}],"wp:featuredmedia":[{"embeddable":true,"href":"https:\/\/senoticias.com.br\/se\/wp-json\/wp\/v2\/media\/47706"}],"wp:attachment":[{"href":"https:\/\/senoticias.com.br\/se\/wp-json\/wp\/v2\/media?parent=47705"}],"wp:term":[{"taxonomy":"category","embeddable":true,"href":"https:\/\/senoticias.com.br\/se\/wp-json\/wp\/v2\/categories?post=47705"},{"taxonomy":"post_tag","embeddable":true,"href":"https:\/\/senoticias.com.br\/se\/wp-json\/wp\/v2\/tags?post=47705"}],"curies":[{"name":"wp","href":"https:\/\/api.w.org\/{rel}","templated":true}]}}