{"id":47704,"date":"2013-05-06T19:45:58","date_gmt":"2013-05-06T22:45:58","guid":{"rendered":"http:\/\/senoticias.com.br\/se\/?p=47704"},"modified":"2013-05-07T07:08:27","modified_gmt":"2013-05-07T10:08:27","slug":"laercio-visita-estancia-para-discutir-instalacao-campus-de-engenharia-da-ufs","status":"publish","type":"post","link":"https:\/\/senoticias.com.br\/se\/laercio-visita-estancia-para-discutir-instalacao-campus-de-engenharia-da-ufs\/","title":{"rendered":"La\u00e9rcio visita Est\u00e2ncia para discutir instala\u00e7\u00e3o Campus de Engenharia da UFS"},"content":{"rendered":"<p>&nbsp;<\/p>\n<div id=\"attachment_40819\" style=\"width: 310px\" class=\"wp-caption alignleft\"><a href=\"http:\/\/senoticias.com.br\/se\/wp-content\/uploads\/2012\/11\/La\u00e9rcio-Oliveira.jpg\"><img loading=\"lazy\" decoding=\"async\" aria-describedby=\"caption-attachment-40819\" class=\"size-full wp-image-40819\" title=\"La\u00e9rcio Oliveira\" src=\"http:\/\/senoticias.com.br\/se\/wp-content\/uploads\/2012\/11\/La\u00e9rcio-Oliveira.jpg\" alt=\"\" width=\"300\" height=\"168\" \/><\/a><p id=\"caption-attachment-40819\" class=\"wp-caption-text\">La\u00e9rcio Oliveira. (Saulo Cruz \/Ag\u00eancia C\u00e2mara)<\/p><\/div>\n<p style=\"text-align: justify;\">O deputado federal La\u00e9rcio Oliveira esteve em Est\u00e2ncia para participar de reuni\u00f5es com empres\u00e1rios locais, o prefeito da cidade, Carlos Magno e a deputada estadual Concei\u00e7\u00e3o Vieira. O objetivo foi discutir a instala\u00e7\u00e3o do campus de engenharia da Universidade Federal de Sergipe no munic\u00edpio.<\/p>\n<p style=\"text-align: justify;\">Os empres\u00e1rios destacaram o potencial industrial do munic\u00edpio, o maior representante do com\u00e9rcio exportador sergipano, respons\u00e1vel por 63% do total de exporta\u00e7\u00f5es realizadas por Sergipe.<\/p>\n<p style=\"text-align: justify;\">La\u00e9rcio Oliveira afirmou conhecer a estrutura da cidade e sua capacidade produtiva, por isso considera importante que o campus de engenharia da UFS seja instalado no p\u00f3lo industrial. \u201cA cidade demanda v\u00e1rios tipos de profissionais da \u00e1rea de engenharia: el\u00e9trica, qu\u00edmica, engenharia de produ\u00e7\u00e3o, e tamb\u00e9m os profissionais tecn\u00f3logos de v\u00e1rias \u00e1reas. Com profissionais formados por uma universidade em Est\u00e2ncia, a ind\u00fastria ser\u00e1 modernizada\u201d, disse o deputado.<\/p>\n<p style=\"text-align: justify;\">\u201cMeu trabalho \u00e9 lutar para que o campus da UFS seja instalado em Est\u00e2ncia. J\u00e1 estive no Minist\u00e9rio da Educa\u00e7\u00e3o e estou buscando os meios para que esse sonho seja uma realidade para os jovens estancianos. N\u00f3s temos todas as credenciais para ter a universidade aqui. Por que n\u00e3o ter o campus da universidade na regi\u00e3o que mais exporta e cresce economicamente do estado?\u201d, questionou.<\/p>\n<p style=\"text-align: justify;\">O parlamentar tamb\u00e9m esteve com o prefeito de Est\u00e2ncia, Carlos Magno, que informou que v\u00e1rios terrenos j\u00e1 foram avaliados e todos com condi\u00e7\u00f5es de receber a estrutura do campus de engenharia. \u201cO terreno n\u00e3o \u00e9 problema, nossa administra\u00e7\u00e3o adquire, desde que sejam cumpridas todas as etapas pol\u00edticas e administrativas necess\u00e1rias. Com o apoio do deputado La\u00e9rcio Oliveira, o projeto de implanta\u00e7\u00e3o do campus em Est\u00e2ncia ganha for\u00e7a\u201d, disse o prefeito.<\/p>\n<p style=\"text-align: justify;\"><em><strong>Carla Passos da Assessoria de Imprensa<\/strong><\/em><\/p>\n","protected":false},"excerpt":{"rendered":"<p>&nbsp; O deputado federal La\u00e9rcio Oliveira esteve em Est\u00e2ncia para participar de reuni\u00f5es com empres\u00e1rios locais, o prefeito da cidade, Carlos Magno e a deputada estadual Concei\u00e7\u00e3o Vieira. O objetivo foi discutir a instala\u00e7\u00e3o do campus de engenharia da Universidade Federal de Sergipe no munic\u00edpio. Os empres\u00e1rios destacaram o potencial industrial do munic\u00edpio, o maior [&hellip;]<\/p>\n","protected":false},"author":1,"featured_media":40819,"comment_status":"closed","ping_status":"closed","sticky":false,"template":"","format":"standard","meta":{"footnotes":""},"categories":[6],"tags":[],"class_list":{"0":"post-47704","1":"post","2":"type-post","3":"status-publish","4":"format-standard","5":"has-post-thumbnail","7":"category-politica"},"_links":{"self":[{"href":"https:\/\/senoticias.com.br\/se\/wp-json\/wp\/v2\/posts\/47704"}],"collection":[{"href":"https:\/\/senoticias.com.br\/se\/wp-json\/wp\/v2\/posts"}],"about":[{"href":"https:\/\/senoticias.com.br\/se\/wp-json\/wp\/v2\/types\/post"}],"author":[{"embeddable":true,"href":"https:\/\/senoticias.com.br\/se\/wp-json\/wp\/v2\/users\/1"}],"replies":[{"embeddable":true,"href":"https:\/\/senoticias.com.br\/se\/wp-json\/wp\/v2\/comments?post=47704"}],"version-history":[{"count":0,"href":"https:\/\/senoticias.com.br\/se\/wp-json\/wp\/v2\/posts\/47704\/revisions"}],"wp:featuredmedia":[{"embeddable":true,"href":"https:\/\/senoticias.com.br\/se\/wp-json\/wp\/v2\/media\/40819"}],"wp:attachment":[{"href":"https:\/\/senoticias.com.br\/se\/wp-json\/wp\/v2\/media?parent=47704"}],"wp:term":[{"taxonomy":"category","embeddable":true,"href":"https:\/\/senoticias.com.br\/se\/wp-json\/wp\/v2\/categories?post=47704"},{"taxonomy":"post_tag","embeddable":true,"href":"https:\/\/senoticias.com.br\/se\/wp-json\/wp\/v2\/tags?post=47704"}],"curies":[{"name":"wp","href":"https:\/\/api.w.org\/{rel}","templated":true}]}}