{"id":47701,"date":"2013-05-06T19:40:40","date_gmt":"2013-05-06T22:40:40","guid":{"rendered":"http:\/\/senoticias.com.br\/se\/?p=47701"},"modified":"2013-05-06T19:41:56","modified_gmt":"2013-05-06T22:41:56","slug":"prefeitos-participam-de-reuniao-preparatoria-para-a-mobilizacao-contra-a-seca","status":"publish","type":"post","link":"https:\/\/senoticias.com.br\/se\/prefeitos-participam-de-reuniao-preparatoria-para-a-mobilizacao-contra-a-seca\/","title":{"rendered":"Prefeitos participam de reuni\u00e3o Preparat\u00f3ria para a Mobiliza\u00e7\u00e3o contra a seca"},"content":{"rendered":"<p>&nbsp;<\/p>\n<div id=\"attachment_47702\" style=\"width: 310px\" class=\"wp-caption alignleft\"><a href=\"http:\/\/senoticias.com.br\/se\/wp-content\/uploads\/2013\/05\/DSC_1369.jpg\"><img loading=\"lazy\" decoding=\"async\" aria-describedby=\"caption-attachment-47702\" class=\"size-medium wp-image-47702\" title=\"\" src=\"http:\/\/senoticias.com.br\/se\/wp-content\/uploads\/2013\/05\/DSC_1369-300x199.jpg\" alt=\"\" width=\"300\" height=\"199\" srcset=\"https:\/\/senoticias.com.br\/se\/wp-content\/uploads\/2013\/05\/DSC_1369-300x199.jpg 300w, https:\/\/senoticias.com.br\/se\/wp-content\/uploads\/2013\/05\/DSC_1369-342x227.jpg 342w, https:\/\/senoticias.com.br\/se\/wp-content\/uploads\/2013\/05\/DSC_1369.jpg 515w\" sizes=\"(max-width: 300px) 100vw, 300px\" \/><\/a><p id=\"caption-attachment-47702\" class=\"wp-caption-text\">Reuni\u00e3o Preparat\u00f3ria para a Mobiliza\u00e7\u00e3o contra a seca. (T.Dantas Comunica\u00e7\u00e3o e Marketing)<\/p><\/div>\n<p style=\"text-align: justify;\">Na tarde desta \u00faltima segunda-feira (06), prefeitos e demais representantes da administra\u00e7\u00e3o p\u00fablica de diversos munic\u00edpios participaram de uma reuni\u00e3o preparat\u00f3ria para uma mobiliza\u00e7\u00e3o contra a seca. O encontro foi promovido pelas entidades municipalistas sergipanas Fames (Federa\u00e7\u00e3o dos Munic\u00edpios do Estado de Sergipe), Ambarco (Associa\u00e7\u00e3o dos Munic\u00edpios do Vale do Japaratuba e do Vale do Cotinguiba) e Amurces (Associa\u00e7\u00e3o dos Munic\u00edpios da Regi\u00e3o Centro Sul), e aconteceu no audit\u00f3rio da Aease.<\/p>\n<p style=\"text-align: justify;\">Na abertura do evento, o prefeito de Monte Alegre e presidente da Fames, Ant\u00f4nio Rodrigues (\u201cTonh\u00e3o\u201d \u2013 PSC), frisou que o objetivo do encontro era discutir os encaminhamentos para a mobiliza\u00e7\u00e3o, a ser realizada na Assembleia Legislativa, no pr\u00f3ximo dia 13 de maio, a partir das 9h. O presidente da Amurces, Ant\u00f4nio da Fonseca D\u00f3ria (\u201cToinho de Dorinha\u201d), chamou a aten\u00e7\u00e3o para a import\u00e2ncia do protesto. \u201c\u00c9 a partir deste ato de paralisa\u00e7\u00e3o de todos os munic\u00edpios nordestinos que sofrem com seca, que Bras\u00edlia dever\u00e1 nos ouvir\u201d, ressaltou Toinho de Dorinha.<\/p>\n<p style=\"text-align: justify;\">O prefeito de Nossa Senhora do Socorro e presidente da Ambarco, F\u00e1bio Henrique (PDT), tamb\u00e9m fez parte da mesa diretora juntamente com os demais l\u00edderes municipalistas. O contador e gerente da CAT Consultoria, Valmir Passos, ministrou uma palestra sobre os cen\u00e1rios dos munic\u00edpios sergipanos, esclarecendo temas como profissionaliza\u00e7\u00e3o da gest\u00e3o, Lei Complementar n\u00ba 101\/00 da Lei de Responsabilidade Fiscal, entre outros.<\/p>\n<p style=\"text-align: justify;\">Tonh\u00e3o defendeu a uni\u00e3o dos 28 prefeitos dos munic\u00edpios com decreto de situa\u00e7\u00e3o de emerg\u00eancia. \u201cA luta por solu\u00e7\u00f5es para os problemas que enfrentamos diariamente com a seca deve ser conjunta. Essa mobiliza\u00e7\u00e3o \u00e9 de interesse de todos n\u00f3s, gestores municipais da regi\u00e3o mais castigada. Eu espero que na pr\u00f3xima segunda-feira, dia 13 de maio, todos os prefeitos levem o m\u00e1ximo de mun\u00edcipes poss\u00edvel para a Assembleia, e vamos juntos reivindicar solu\u00e7\u00f5es em car\u00e1ter de urg\u00eancia por parte do Governo Federal\u201d, destacou o presidente da Fames.<\/p>\n<p style=\"text-align: justify;\"><strong>T.Dantas Comunica\u00e7\u00e3o e Marketing<\/strong><\/p>\n","protected":false},"excerpt":{"rendered":"<p>&nbsp; Na tarde desta \u00faltima segunda-feira (06), prefeitos e demais representantes da administra\u00e7\u00e3o p\u00fablica de diversos munic\u00edpios participaram de uma reuni\u00e3o preparat\u00f3ria para uma mobiliza\u00e7\u00e3o contra a seca. O encontro foi promovido pelas entidades municipalistas sergipanas Fames (Federa\u00e7\u00e3o dos Munic\u00edpios do Estado de Sergipe), Ambarco (Associa\u00e7\u00e3o dos Munic\u00edpios do Vale do Japaratuba e do Vale [&hellip;]<\/p>\n","protected":false},"author":1,"featured_media":47702,"comment_status":"closed","ping_status":"closed","sticky":false,"template":"","format":"standard","meta":{"footnotes":""},"categories":[6,1],"tags":[],"class_list":{"0":"post-47701","1":"post","2":"type-post","3":"status-publish","4":"format-standard","5":"has-post-thumbnail","7":"category-politica","8":"category-sem-categoria"},"_links":{"self":[{"href":"https:\/\/senoticias.com.br\/se\/wp-json\/wp\/v2\/posts\/47701"}],"collection":[{"href":"https:\/\/senoticias.com.br\/se\/wp-json\/wp\/v2\/posts"}],"about":[{"href":"https:\/\/senoticias.com.br\/se\/wp-json\/wp\/v2\/types\/post"}],"author":[{"embeddable":true,"href":"https:\/\/senoticias.com.br\/se\/wp-json\/wp\/v2\/users\/1"}],"replies":[{"embeddable":true,"href":"https:\/\/senoticias.com.br\/se\/wp-json\/wp\/v2\/comments?post=47701"}],"version-history":[{"count":0,"href":"https:\/\/senoticias.com.br\/se\/wp-json\/wp\/v2\/posts\/47701\/revisions"}],"wp:featuredmedia":[{"embeddable":true,"href":"https:\/\/senoticias.com.br\/se\/wp-json\/wp\/v2\/media\/47702"}],"wp:attachment":[{"href":"https:\/\/senoticias.com.br\/se\/wp-json\/wp\/v2\/media?parent=47701"}],"wp:term":[{"taxonomy":"category","embeddable":true,"href":"https:\/\/senoticias.com.br\/se\/wp-json\/wp\/v2\/categories?post=47701"},{"taxonomy":"post_tag","embeddable":true,"href":"https:\/\/senoticias.com.br\/se\/wp-json\/wp\/v2\/tags?post=47701"}],"curies":[{"name":"wp","href":"https:\/\/api.w.org\/{rel}","templated":true}]}}