{"id":47699,"date":"2013-05-06T19:39:11","date_gmt":"2013-05-06T22:39:11","guid":{"rendered":"http:\/\/senoticias.com.br\/se\/?p=47699"},"modified":"2013-05-06T19:39:11","modified_gmt":"2013-05-06T22:39:11","slug":"uso-politico-da-codevasf-pode-estar-prejudicando-parceleiros-de-propria","status":"publish","type":"post","link":"https:\/\/senoticias.com.br\/se\/uso-politico-da-codevasf-pode-estar-prejudicando-parceleiros-de-propria\/","title":{"rendered":"Uso pol\u00edtico da Codevasf pode estar prejudicando parceleiros de Propri\u00e1"},"content":{"rendered":"<p style=\"text-align: justify;\">\n<div id=\"attachment_39074\" style=\"width: 310px\" class=\"wp-caption alignleft\"><a href=\"http:\/\/senoticias.com.br\/se\/wp-content\/uploads\/2012\/08\/20120828_02505mm.jpg\"><img loading=\"lazy\" decoding=\"async\" aria-describedby=\"caption-attachment-39074\" class=\"size-medium wp-image-39074\" title=\" Senador Eduardo Amorim. (PSC-SE)\" src=\"http:\/\/senoticias.com.br\/se\/wp-content\/uploads\/2012\/08\/20120828_02505mm-300x208.jpg\" alt=\"\" width=\"300\" height=\"208\" srcset=\"https:\/\/senoticias.com.br\/se\/wp-content\/uploads\/2012\/08\/20120828_02505mm-300x208.jpg 300w, https:\/\/senoticias.com.br\/se\/wp-content\/uploads\/2012\/08\/20120828_02505mm-342x237.jpg 342w, https:\/\/senoticias.com.br\/se\/wp-content\/uploads\/2012\/08\/20120828_02505mm.jpg 759w\" sizes=\"(max-width: 300px) 100vw, 300px\" \/><\/a><p id=\"caption-attachment-39074\" class=\"wp-caption-text\">Senador Eduardo Amorim. (Foto: Assessoria de Comunica\u00e7\u00e3o)<\/p><\/div>\n<p style=\"text-align: justify;\">Na manh\u00e3 desta segunda-feira, 6, durante extenso debate promovido pelo radialista Gilmar Carvalho, da Rede Ilha, a popula\u00e7\u00e3o sergipana pode comprovar, at\u00f4nita, que a utiliza\u00e7\u00e3o pol\u00edtica de um importante \u00f3rg\u00e3o de desenvolvimento econ\u00f4mico de boa parte do Nordeste, a Companhia de Desenvolvimento dos Vales do S\u00e3o Francisco e do Parna\u00edba (Codevasf), em Sergipe, pode estar prejudicando os parceleiros \u2013 que s\u00e3o produtores de arroz \u2013 na cidade ribeirinha de Propri\u00e1 e regi\u00e3o.<\/p>\n<p style=\"text-align: justify;\">Para que a hist\u00f3ria fique clara, \u00e9 preciso retornar um pouco no tempo, quando o senador Eduardo Amorim, acompanhado de prefeitos da regi\u00e3o, parlamentares, lideran\u00e7as e dos pr\u00f3prios parceleiros visitou Propri\u00e1, h\u00e1 coisa de dois meses, e viu de perto a situa\u00e7\u00e3o. \u201cN\u00f3s vimos que a \u00e1gua que est\u00e1 sendo distribu\u00edda em um dos canais estava misturada com esgoto da cidade. O canal existe, mas a \u00e1gua est\u00e1 sendo contaminada devido as bombas quebradas\u201d. De posse dessa informa\u00e7\u00e3o, Eduardo levou a demanda para o ministro da Integra\u00e7\u00e3o Nacional, Fernando Bezerra. E no dia 24 de abril, ap\u00f3s ouvir o relato, o ministro confirmou que o presidente da Codevasf, Elmo Vaz, iria a Sergipe pessoalmente conhecer a situa\u00e7\u00e3o.<\/p>\n<p style=\"text-align: justify;\">Mas ap\u00f3s isso, primeiro a visita do presidente da companhia foi substitu\u00edda pela do diretor de irriga\u00e7\u00e3o e saneamento, Jos\u00e9 Solon. E, finalmente, na tarde do \u00faltimo domingo, 5, at\u00e9 mesmo essa visita foi cancelada, sendo informado que os parceleiros teriam que se dirigir ao diretor da Codevasf em Sergipe, Paulo Viana. Ocorre que ele, bem como os diretores que estiveram a frente do \u00f3rg\u00e3o nos \u00faltimos 10 anos \u2013 Ant\u00f4nio Viana, Irm\u00e3o de Paulo, e Sylvani Sukita, esposa do ex-prefeito de Capela \u2013, foram nomeados pelo PSB sergipano, partido que nomeou o ministro da Integra\u00e7\u00e3o. Diante da decep\u00e7\u00e3o dos parceleiros, que n\u00e3o acreditam na solu\u00e7\u00e3o de seus problemas sem que eles sejam avaliados por uma esfera maior, j\u00e1 que a diretoria local, na \u00faltima d\u00e9cada, n\u00e3o apresentou alternativas vi\u00e1veis para que a situa\u00e7\u00e3o melhorasse.<\/p>\n<p style=\"text-align: justify;\">\u201cLogo ap\u00f3s a confirma\u00e7\u00e3o do cancelamento da visita, recebi uma liga\u00e7\u00e3o do amigo e senador de Piau\u00ed, Jo\u00e3o Vicente Claudino, dizendo que ningu\u00e9m veio porque pediram para ningu\u00e9m vir\u201d, destacou Eduardo Amorim. A principal figura do PSB em Sergipe, senador Ant\u00f4nio Carlos Valadares, diante dos fatos, atacou para se defender. \u201cVoc\u00eas querem politizar esse assunto!\u201d, esbravejou.<\/p>\n<p style=\"text-align: justify;\">Mas o depoimento nas emissoras de r\u00e1dio de um parceleiro identificado como Bonif\u00e1cio foi direto ao cerne da quest\u00e3o. &#8220;Est\u00e1vamos ansiosos para nos reunir com o presidente da Codevasf e isso, infelizmente, n\u00e3o aconteceu. Gostar\u00edamos de verificar com ele onde seria prioridade para investir esses recursos. N\u00e3o quer\u00edamos fazer baderna nenhuma, nem acusar. \u00c9 necess\u00e1rio ser discutido, porque \u00e9 o povo que est\u00e1 sofrendo. Temos apenas um objetivo, que \u00e9 o desenvolvimento do Baixo S\u00e3o Francisco\u201d, disse Bonif\u00e1cio, numa refer\u00eancia direta ao montante R$ 120 milh\u00f5es que o senador Valadares diz que ser\u00e3o aplicados na regi\u00e3o. Mas eis outro grande problema: o mesmo Valadares que diz isso \u00e9 tamb\u00e9m um dos respons\u00e1veis, juntamente com seu partido, pela forma como a Codevasf atua e atuou na regi\u00e3o durante a \u00faltima d\u00e9cada, considerada perdida pelos produtores.<\/p>\n<p style=\"text-align: justify;\">E falando diretamente de Propri\u00e1 pela rede de emissoras, em entrevista ao radialista Ferreira Filho, uma voz pol\u00edtica de um partido tradicionalmente aliado ao senador Valadares deu o tom da disson\u00e2ncia entre o discurso proferido e a a\u00e7\u00e3o executada. O vereador Helder Guimar\u00e3es (PT), l\u00edder da oposi\u00e7\u00e3o na C\u00e2mara de Propri\u00e1, desabafou. \u201cN\u00e3o sou vereador de partido, sou vereador do povo de Propri\u00e1. E me coloco a disposi\u00e7\u00e3o para mobiliza\u00e7\u00e3o, manifesta\u00e7\u00e3o e estarei apoiando o movimento\u201d, disse Helder, acrescentando que os oito anos de Lula e o atual mandato de Dilma Rousseff foram os piores anos da Codevasf em Sergipe. O que comprova que n\u00e3o \u00e9 uma mera coincid\u00eancia os 10 anos de decad\u00eancia produtiva enfrentados pelos produtores de arroz daquela regi\u00e3o.<\/p>\n<p style=\"text-align: justify;\">Se houve ou n\u00e3o algum tipo de interfer\u00eancia para que a dire\u00e7\u00e3o nacional da Codevasf n\u00e3o viesse conhecer a pen\u00faria por que passam os parceleiros de Propri\u00e1 torna-se um detalhe diante de algo bem mais importante: a necessidade de uni\u00e3o dos homens p\u00fablicos sergipanos para resolver, de fato, a trag\u00e9dia que atinge uma \u00e1rea em que a Codevasf deveria atuar no sentido de desenvolv\u00ea-la econ\u00f4mica e humanamente.<\/p>\n<p style=\"text-align: justify;\">E, pelo menos isso, o debate radiof\u00f4nico mostrou ser poss\u00edvel, com figuras da pol\u00edtica sergipana hipotecando apoio aos parceleiros, a exemplo dos deputados estaduais Augusto Bezerra (DEM), Ven\u00e2ncio Fonseca (PP), Pastor Ant\u00f4nio (PSC), do deputado federal Andr\u00e9 Moura (PSC), do prefeito de Propri\u00e1, Jos\u00e9 Am\u00e9rico (PSC), e do vice-prefeito de Aracaju, Jos\u00e9 Carlos Machado (PSDB). Todos fecharam quest\u00e3o com o senador Eduardo Amorim, que iniciou essa luta pela causa dos produtores. \u201cEu apenas espero conseguir uma solu\u00e7\u00e3o, com muito di\u00e1logo! N\u00f3s n\u00e3o estamos denunciando nada, estamos mostrando apenas a realidade dessas pessoas, dos equipamentos sucateados. S\u00f3 temos a lamentar e pedir ajuda aos colegas de bancada para que aconte\u00e7a o que esperamos\u201d, finalizou Eduardo.<\/p>\n<p style=\"text-align: justify;\"><em><strong>Da Assessoria de Imprensa<\/strong><\/em><\/p>\n","protected":false},"excerpt":{"rendered":"<p>Na manh\u00e3 desta segunda-feira, 6, durante extenso debate promovido pelo radialista Gilmar Carvalho, da Rede Ilha, a popula\u00e7\u00e3o sergipana pode comprovar, at\u00f4nita, que a utiliza\u00e7\u00e3o pol\u00edtica de um importante \u00f3rg\u00e3o de desenvolvimento econ\u00f4mico de boa parte do Nordeste, a Companhia de Desenvolvimento dos Vales do S\u00e3o Francisco e do Parna\u00edba (Codevasf), em Sergipe, pode estar [&hellip;]<\/p>\n","protected":false},"author":1,"featured_media":39074,"comment_status":"closed","ping_status":"closed","sticky":false,"template":"","format":"standard","meta":{"footnotes":""},"categories":[6],"tags":[],"class_list":{"0":"post-47699","1":"post","2":"type-post","3":"status-publish","4":"format-standard","5":"has-post-thumbnail","7":"category-politica"},"_links":{"self":[{"href":"https:\/\/senoticias.com.br\/se\/wp-json\/wp\/v2\/posts\/47699"}],"collection":[{"href":"https:\/\/senoticias.com.br\/se\/wp-json\/wp\/v2\/posts"}],"about":[{"href":"https:\/\/senoticias.com.br\/se\/wp-json\/wp\/v2\/types\/post"}],"author":[{"embeddable":true,"href":"https:\/\/senoticias.com.br\/se\/wp-json\/wp\/v2\/users\/1"}],"replies":[{"embeddable":true,"href":"https:\/\/senoticias.com.br\/se\/wp-json\/wp\/v2\/comments?post=47699"}],"version-history":[{"count":0,"href":"https:\/\/senoticias.com.br\/se\/wp-json\/wp\/v2\/posts\/47699\/revisions"}],"wp:featuredmedia":[{"embeddable":true,"href":"https:\/\/senoticias.com.br\/se\/wp-json\/wp\/v2\/media\/39074"}],"wp:attachment":[{"href":"https:\/\/senoticias.com.br\/se\/wp-json\/wp\/v2\/media?parent=47699"}],"wp:term":[{"taxonomy":"category","embeddable":true,"href":"https:\/\/senoticias.com.br\/se\/wp-json\/wp\/v2\/categories?post=47699"},{"taxonomy":"post_tag","embeddable":true,"href":"https:\/\/senoticias.com.br\/se\/wp-json\/wp\/v2\/tags?post=47699"}],"curies":[{"name":"wp","href":"https:\/\/api.w.org\/{rel}","templated":true}]}}