{"id":47569,"date":"2013-05-02T20:08:59","date_gmt":"2013-05-02T23:08:59","guid":{"rendered":"http:\/\/senoticias.com.br\/se\/?p=47569"},"modified":"2013-05-03T17:55:43","modified_gmt":"2013-05-03T20:55:43","slug":"falta-de-quorum-adia-votacao-da-tarifa-de-onibus-da-grande-aracaju","status":"publish","type":"post","link":"https:\/\/senoticias.com.br\/se\/falta-de-quorum-adia-votacao-da-tarifa-de-onibus-da-grande-aracaju\/","title":{"rendered":"Falta de quorum adia vota\u00e7\u00e3o da tarifa de \u00f4nibus da Grande Aracaju"},"content":{"rendered":"<div id=\"attachment_47570\" style=\"width: 310px\" class=\"wp-caption alignleft\"><a href=\"http:\/\/senoticias.com.br\/se\/wp-content\/uploads\/2013\/05\/plenario.jpg\"><img loading=\"lazy\" decoding=\"async\" aria-describedby=\"caption-attachment-47570\" class=\"size-full wp-image-47570\" title=\"plenario\" src=\"http:\/\/senoticias.com.br\/se\/wp-content\/uploads\/2013\/05\/plenario.jpg\" alt=\"\" width=\"300\" height=\"200\" \/><\/a><p id=\"caption-attachment-47570\" class=\"wp-caption-text\">Falta de quorum adia vota\u00e7\u00e3o da tarifa de \u00f4nibus. (Foto: Andressa Barreto)<\/p><\/div>\n<p style=\"text-align: justify;\">Por falta de quorum, a C\u00e2mara Municipal de Aracaju (CMA) adiou para a pr\u00f3xima ter\u00e7a-feira, 7\/5 a vota\u00e7\u00e3o do Projeto de Lei 102\/2013, que aumenta a tarifa de \u00f4nibus em Aracaju para R$ 2,43, o que equivale a um reajuste de 7,98%. O Projeto, de autoria do Poder Executivo, seria avaliado e votado nesta quinta-feira, 2\/5, mas no Plen\u00e1rio estavam apenas sete dos 24 parlamentares da Casa.<\/p>\n<p style=\"text-align: justify;\">O Projeto em quest\u00e3o \u00e9 praticamente o mesmo que foi aprovado pela maioria dos vereadores no \u00faltimo dia 10 de abril, mas que acabou suspenso ap\u00f3s uma liminar concedida na semana passada pela desembargadora Suzana Maria Carvalho Oliveira, do Tribunal de Justi\u00e7a de Sergipe (TJSE). Na ocasi\u00e3o, a maioria dos parlamentares aprovou a passagem em R$ 2,45.<\/p>\n<p style=\"text-align: justify;\">O Presidente da CMA, vereador Vin\u00edcius Porto afirma que a falta de quorum faz parte do Parlamento. \u201cN\u00e3o h\u00e1 qualquer irregularidade nisso\u201d, afirma ele ao refor\u00e7ar que o Projeto volta a entrar na pauta de vota\u00e7\u00e3o da pr\u00f3xima ter\u00e7a-feira.<\/p>\n<p style=\"text-align: justify;\">Antes de come\u00e7ar a vota\u00e7\u00e3o o Presidente Vin\u00edcius Porto convidou as lideran\u00e7as do Movimento N\u00e3o Pago para acompanhar o processo, mas eles recusaram. \u201cAgir de forma democr\u00e1tica como sempre fa\u00e7o. Convidei as lideran\u00e7as para acompanhar o processo, mas n\u00e3o aceitaram.O que n\u00e3o, podia permitir era liberar a galeria para todos. O espa\u00e7o j\u00e1 estava lotado e n\u00e3o havia condi\u00e7\u00f5es para receber mais pessoas.\u201d, explica Vin\u00edcius Porto.<\/p>\n<p style=\"text-align: justify;\"><em><strong>Assessoria de Imprensa<\/strong><\/em><\/p>\n","protected":false},"excerpt":{"rendered":"<p>Por falta de quorum, a C\u00e2mara Municipal de Aracaju (CMA) adiou para a pr\u00f3xima ter\u00e7a-feira, 7\/5 a vota\u00e7\u00e3o do Projeto de Lei 102\/2013, que aumenta a tarifa de \u00f4nibus em Aracaju para R$ 2,43, o que equivale a um reajuste de 7,98%. O Projeto, de autoria do Poder Executivo, seria avaliado e votado nesta quinta-feira, [&hellip;]<\/p>\n","protected":false},"author":1,"featured_media":47570,"comment_status":"closed","ping_status":"closed","sticky":false,"template":"","format":"standard","meta":{"footnotes":""},"categories":[15,6],"tags":[],"class_list":{"0":"post-47569","1":"post","2":"type-post","3":"status-publish","4":"format-standard","5":"has-post-thumbnail","7":"category-destaques","8":"category-politica"},"_links":{"self":[{"href":"https:\/\/senoticias.com.br\/se\/wp-json\/wp\/v2\/posts\/47569"}],"collection":[{"href":"https:\/\/senoticias.com.br\/se\/wp-json\/wp\/v2\/posts"}],"about":[{"href":"https:\/\/senoticias.com.br\/se\/wp-json\/wp\/v2\/types\/post"}],"author":[{"embeddable":true,"href":"https:\/\/senoticias.com.br\/se\/wp-json\/wp\/v2\/users\/1"}],"replies":[{"embeddable":true,"href":"https:\/\/senoticias.com.br\/se\/wp-json\/wp\/v2\/comments?post=47569"}],"version-history":[{"count":0,"href":"https:\/\/senoticias.com.br\/se\/wp-json\/wp\/v2\/posts\/47569\/revisions"}],"wp:featuredmedia":[{"embeddable":true,"href":"https:\/\/senoticias.com.br\/se\/wp-json\/wp\/v2\/media\/47570"}],"wp:attachment":[{"href":"https:\/\/senoticias.com.br\/se\/wp-json\/wp\/v2\/media?parent=47569"}],"wp:term":[{"taxonomy":"category","embeddable":true,"href":"https:\/\/senoticias.com.br\/se\/wp-json\/wp\/v2\/categories?post=47569"},{"taxonomy":"post_tag","embeddable":true,"href":"https:\/\/senoticias.com.br\/se\/wp-json\/wp\/v2\/tags?post=47569"}],"curies":[{"name":"wp","href":"https:\/\/api.w.org\/{rel}","templated":true}]}}