{"id":47561,"date":"2013-05-02T17:00:49","date_gmt":"2013-05-02T20:00:49","guid":{"rendered":"http:\/\/senoticias.com.br\/se\/?p=47561"},"modified":"2013-05-03T15:35:44","modified_gmt":"2013-05-03T18:35:44","slug":"deda-visita-call-center-da-almaviva-que-gera-2-mil-empregos-para-jovens-sergipanos","status":"publish","type":"post","link":"https:\/\/senoticias.com.br\/se\/deda-visita-call-center-da-almaviva-que-gera-2-mil-empregos-para-jovens-sergipanos\/","title":{"rendered":"D\u00e9da visita call center da AlmavivA que gera 2 mil empregos para jovens sergipanos"},"content":{"rendered":"<p>&nbsp;<\/p>\n<p><span style=\"color: #333333;\"><strong>Empresa espera ampliar para 4 mil postos de trabalho o seu efetivo at\u00e9 o final do ano<\/strong><\/span><\/p>\n<div id=\"attachment_47562\" style=\"width: 310px\" class=\"wp-caption alignleft\"><a href=\"http:\/\/senoticias.com.br\/se\/wp-content\/uploads\/2013\/05\/20130502GovDedaVisitaaEmpresaAlmaViva87.jpg\"><img loading=\"lazy\" decoding=\"async\" aria-describedby=\"caption-attachment-47562\" class=\"size-medium wp-image-47562\" title=\"\" src=\"http:\/\/senoticias.com.br\/se\/wp-content\/uploads\/2013\/05\/20130502GovDedaVisitaaEmpresaAlmaViva87-300x188.jpg\" alt=\"\" width=\"300\" height=\"188\" srcset=\"https:\/\/senoticias.com.br\/se\/wp-content\/uploads\/2013\/05\/20130502GovDedaVisitaaEmpresaAlmaViva87-300x188.jpg 300w, https:\/\/senoticias.com.br\/se\/wp-content\/uploads\/2013\/05\/20130502GovDedaVisitaaEmpresaAlmaViva87-342x215.jpg 342w, https:\/\/senoticias.com.br\/se\/wp-content\/uploads\/2013\/05\/20130502GovDedaVisitaaEmpresaAlmaViva87.jpg 780w\" sizes=\"(max-width: 300px) 100vw, 300px\" \/><\/a><p id=\"caption-attachment-47562\" class=\"wp-caption-text\">D\u00e9da visita call center da AlmavivA que gera 2 mil empregos para jovens sergipanos.(Foto: Marcos Rodrigues\/ASN)<\/p><\/div>\n<p style=\"text-align: justify;\">\u201cUm dos momentos mais importantes para a pol\u00edtica de gera\u00e7\u00e3o de emprego no Governo do Estado\u201d. Assim, o governador Marcelo D\u00e9da definiu a import\u00e2ncia estrat\u00e9gica do grupo AlmavivA (de origem italiana) que montou uma central de telemarketing e j\u00e1 recrutou, com a interveni\u00eancia da Secretaria de Estado do Trabalho (Setrab), mais de 2.200 jovens sergipanos com idade m\u00e9dia entre 18 e 25 anos. A empresa est\u00e1 situada nas antigas instala\u00e7\u00f5es da f\u00e1brica Confian\u00e7a, no bairro Industrial, que foram totalmente adaptadas e modernizadas para a nova utiliza\u00e7\u00e3o. A visita foi realizada na manh\u00e3 desta quinta-feira, 2, contando com a participa\u00e7\u00e3o de dirigentes da empresa, dentre os quais o presidente mundial do Grupo AlmavivA, Alberto Tripi, al\u00e9m de secret\u00e1rios de Estado e membros da administra\u00e7\u00e3o estadual.<\/p>\n<p style=\"text-align: justify;\">O governador lembrou que esta oportunidade de trazer os investidores estrangeiros foi captada durante a sua participa\u00e7\u00e3o no Semin\u00e1rio Internacional Brasil-It\u00e1lia, realizado em 2011, na capital italiana, Roma. \u201cDois mil empregos foram gerados com a chegada da AlmavivA em Sergipe, num espa\u00e7o de 12 meses. De maio de 2012 a maio deste ano, os contatos do Governo do Estado com a empresa se transformaram neste extraordin\u00e1rio empreendimento. \u00c9 uma alegria muito grande reencontrar os dirigentes que encontrei em Roma, na It\u00e1lia, h\u00e1 dois anos atr\u00e1s quando propus que eles viessem para Aracaju\u201d, destacou o governador referindo-se ao investimento estimado em R$ 30 milh\u00f5es.<\/p>\n<p style=\"text-align: justify;\"><strong>Dia do Trabalhador e Tecnologia<\/strong><\/p>\n<p style=\"text-align: justify;\">Contextualizando a passagem do \u201cDia do Trabalhador\u201d, 1\u00ba de maio, o governador afirmou que a melhor maneira de comemorar a data \u00e9 ver os postos de trabalho sendo ocupados pela juventude sergipana. \u201cNossa alegria \u00e9 ver carteiras de trabalho sendo assinadas e jovens conquistando seu primeiro emprego\u201d, salientou.<\/p>\n<p style=\"text-align: justify;\">Ainda de acordo com o governador, a chegada da AlmavivA promove um contributo muito importante para o mercado sergipano que \u00e9 a inser\u00e7\u00e3o da tecnologia. \u201cA chegada de uma empresa que \u00e9 uma \u2018grife\u2019 mundial e adota a alta tecnologia introduz no mercado sergipano um servi\u00e7o extremamente importante para as empresas e tamb\u00e9m para os consumidores em suas rela\u00e7\u00f5es comerciais, demandas de servi\u00e7os, reclama\u00e7\u00f5es ou resolver suas situa\u00e7\u00f5es onde contratou os servi\u00e7os\u201d, mencionou o governador, ao referir-se \u00e0 empresas como a operadora de telefonia Claro e a fornecedora de TV e internet a cabo NET, que est\u00e3o entre os clientes da AlmavivA.<\/p>\n<p style=\"text-align: justify;\"><strong>Evolu\u00e7\u00e3o<\/strong><\/p>\n<p style=\"text-align: justify;\">O governador tamb\u00e9m ressaltou a sua satisfa\u00e7\u00e3o em constatar mais uma conquista na pol\u00edtica de atra\u00e7\u00e3o de investimentos. \u201cContamos com o apoio da Prefeitura Municipal de Aracaju, tanto na gest\u00e3o de Edvaldo Nogueira, quanto agora na gest\u00e3o do doutor Jo\u00e3o Alves Filho, j\u00e1 que a municipalidade ajudou na redu\u00e7\u00e3o de tributos para que a empresa aqui se instalasse. Tamb\u00e9m estamos com a Secretaria do Trabalho, atrav\u00e9s do N\u00facleo de Apoio ao Trabalho (NAT), recrutando e preparando estes jovens para que se habilitem ao servi\u00e7o. A avalia\u00e7\u00e3o, segundo dados da pr\u00f3pria empresa, \u00e9 que possamos ampliar, at\u00e9 o final do ano, para quatro mil jovens empregados aqui na AlmavivA\u201d, afirmou o governador.<\/p>\n<p style=\"text-align: justify;\">Ainda segundo Marcelo D\u00e9da, outro contributo importante agregado pela empresa ao mercado sergipano \u00e9 a tecnologia empregada na opera\u00e7\u00e3o de empresa que poder\u00e1 beneficiar tanto a iniciativa privada, quanto \u00e0 pr\u00f3pria administra\u00e7\u00e3o p\u00fablica. \u201cA cada dia que passa, a tecnologia tem se mostrado como instrumento de extrema import\u00e2ncia na integra\u00e7\u00e3o do consumidor com o prestador de servi\u00e7o. \u00c9 muito importante que essa matriz tamb\u00e9m venha para o servi\u00e7o p\u00fablico e que n\u00f3s passamos ter, como j\u00e1 temos, por exemplo no Detran e outros \u00f3rg\u00e3os, uma interface que permita ao cidad\u00e3o reclamar diretamente ao governo, e o governo ter uma base de dados para focar os seus esfor\u00e7os na resolu\u00e7\u00e3o daqueles problemas\u201d, ilustrou o governador, dando como refer\u00eancia os servi\u00e7os oferecidos pelo Detran, atrav\u00e9s do seu portal: www.detran.se.gov.br.<\/p>\n<p style=\"text-align: justify;\">O governador tamb\u00e9m fez quest\u00e3o de citar o envolvimento do vice-governador Jackson Barreto para a edifica\u00e7\u00e3o do empreendimento. \u201cJackson me ligou enquanto eu estava realizando uma etapa do meu tratamento em S\u00e3o Paulo, para comemorar quando da confirma\u00e7\u00e3o deste empreendimento aqui, nas instala\u00e7\u00f5es hist\u00f3ricas da f\u00e1brica Confian\u00e7a. Ele, como um apaixonado por este bairro, fez quest\u00e3o de me dar de forma euf\u00f3rica esta boa not\u00edcia\u201d, registrou o governador.<\/p>\n<p style=\"text-align: justify;\"><strong>Vit\u00f3ria Marcante<\/strong><\/p>\n<p style=\"text-align: justify;\">Para o vice-governador Jackson Barreto, que tamb\u00e9m acompanhou a visita \u00e0s instala\u00e7\u00f5es, a chegada da AlmavivA representa uma exemplar vit\u00f3ria da pol\u00edtica de capta\u00e7\u00e3o de investimentos do governador Marcelo D\u00e9da que j\u00e1 promoveu a gera\u00e7\u00e3o de 99.434 empregos formais de 2007 a 2012 na economia sergipana. \u201cAqui estamos diante de mais um exemplo do \u00eaxito da pol\u00edtica elaborada pelo governador em buscar atrair investimentos para gerar novos empregos para os sergipanos. Se pensarmos s\u00f3 aqui na inje\u00e7\u00e3o de investimentos com dois mil jovens recebendo um sal\u00e1rio, e que isso poder\u00e1 ser duplicado para quatro mil jovens em breve, veremos que esta \u00e9 uma a\u00e7\u00e3o important\u00edssima para o nosso desenvolvimento. Tudo isso gra\u00e7as \u00e0 iniciativa do governador em mostrar nosso potencial na It\u00e1lia\u201d, sintetizou.<\/p>\n<p style=\"text-align: justify;\"><strong>Perspectivas<\/strong><\/p>\n<p style=\"text-align: justify;\">J\u00e1 o vice-presidente do grupo AlmavivA e diretor das opera\u00e7\u00f5es no pa\u00eds, Giulio Salomone, as condi\u00e7\u00f5es oferecidas pelo governo foram determinantes para a escolha de Sergipe para o investimento. \u201cO apoio da estrutura de governo e o empenho pessoal do governador foram fundamentais para decidirmos por Sergipe. Tivemos uma \u00f3tima acolhida no estado e temos a perspectiva de evoluir cada vez mais oferecendo o primeiro emprego a estes jovens. Isso ser\u00e1 determinante para o desenvolvimento de outros empreendimentos, j\u00e1 que muitas empresas de grande porte est\u00e3o olhando para os nossos resultados e poder\u00e3o tamb\u00e9m se integrar nesse \u2018boom\u2019 de desenvolvimento que Sergipe vive hoje\u201d, destacou o vice-presidente.<\/p>\n<p style=\"text-align: justify;\"><strong>Estrutura<\/strong><\/p>\n<p style=\"text-align: justify;\">A AlmavivA do Brasil \u00e9 uma sociedade de Telemarketing e Inform\u00e1tica do Grupo AlmavivA &#8211; The Italian Innovation Company &#8211; empresa l\u00edder na It\u00e1lia na oferta de solu\u00e7\u00f5es de tecnologia da informa\u00e7\u00e3o e comunica\u00e7\u00e3o.<\/p>\n<p style=\"text-align: justify;\">A companhia chegou ao Brasil em agosto de 2006, instalando-se em Belo Horizonte. Em 2008, foi inaugurada unidade operacional na capital paulista, onde tamb\u00e9m se instalou a sede comercial. A AlmavivA do Brasil est\u00e1 presente ainda em Juiz de Fora.<\/p>\n<p style=\"text-align: justify;\">Hoje a empresa possui 7.200 posi\u00e7\u00f5es de atendimento e conta com cerca de 16 mil colaboradores, a maioria representantes de atendimento, com idade m\u00e9dia entre 18 e 25 anos.<\/p>\n<p style=\"text-align: justify;\">A AlmavivA ocupa parte da \u00e1rea da antiga F\u00e1brica Confian\u00e7a, no Bairro Industrial (a outra parte \u00e9 ocupada pela Santa M\u00f4nica T\u00eaxtil &#8211; Grupo Franco). Fundada em 18 de outubro de 1907 pelo Coronel Sabino Jos\u00e9 Ribeiro, a F\u00e1brica Confian\u00e7a foi a segunda do Setor T\u00eaxtil em Aracaju (a primeira foi a F\u00e1brica Sergipe Industrial, criada em 15 de fevereiro de 1882). Marco da industrializa\u00e7\u00e3o em Sergipe, sob o nome de Ribeiro Chaves &amp; Cia., a f\u00e1brica Confian\u00e7a deu ensejo a benef\u00edcios sociais aos oper\u00e1rios e familiares como: casas (Vila Oper\u00e1ria), assist\u00eancia m\u00e9dica e creches, dando origem ainda \u00e0 Associa\u00e7\u00e3o Desportiva Confian\u00e7a. Encerrou as atividades em 2009.<\/p>\n<p style=\"text-align: justify;\"><em><strong>Secretaria de Estado da Comunica\u00e7\u00e3o Social<\/strong><\/em><br \/>\n<em><strong> Governo de Sergipe<\/strong><\/em><\/p>\n","protected":false},"excerpt":{"rendered":"<p>&nbsp; Empresa espera ampliar para 4 mil postos de trabalho o seu efetivo at\u00e9 o final do ano \u201cUm dos momentos mais importantes para a pol\u00edtica de gera\u00e7\u00e3o de emprego no Governo do Estado\u201d. Assim, o governador Marcelo D\u00e9da definiu a import\u00e2ncia estrat\u00e9gica do grupo AlmavivA (de origem italiana) que montou uma central de telemarketing [&hellip;]<\/p>\n","protected":false},"author":1,"featured_media":47562,"comment_status":"closed","ping_status":"closed","sticky":false,"template":"","format":"standard","meta":{"footnotes":""},"categories":[6],"tags":[],"class_list":{"0":"post-47561","1":"post","2":"type-post","3":"status-publish","4":"format-standard","5":"has-post-thumbnail","7":"category-politica"},"_links":{"self":[{"href":"https:\/\/senoticias.com.br\/se\/wp-json\/wp\/v2\/posts\/47561"}],"collection":[{"href":"https:\/\/senoticias.com.br\/se\/wp-json\/wp\/v2\/posts"}],"about":[{"href":"https:\/\/senoticias.com.br\/se\/wp-json\/wp\/v2\/types\/post"}],"author":[{"embeddable":true,"href":"https:\/\/senoticias.com.br\/se\/wp-json\/wp\/v2\/users\/1"}],"replies":[{"embeddable":true,"href":"https:\/\/senoticias.com.br\/se\/wp-json\/wp\/v2\/comments?post=47561"}],"version-history":[{"count":0,"href":"https:\/\/senoticias.com.br\/se\/wp-json\/wp\/v2\/posts\/47561\/revisions"}],"wp:featuredmedia":[{"embeddable":true,"href":"https:\/\/senoticias.com.br\/se\/wp-json\/wp\/v2\/media\/47562"}],"wp:attachment":[{"href":"https:\/\/senoticias.com.br\/se\/wp-json\/wp\/v2\/media?parent=47561"}],"wp:term":[{"taxonomy":"category","embeddable":true,"href":"https:\/\/senoticias.com.br\/se\/wp-json\/wp\/v2\/categories?post=47561"},{"taxonomy":"post_tag","embeddable":true,"href":"https:\/\/senoticias.com.br\/se\/wp-json\/wp\/v2\/tags?post=47561"}],"curies":[{"name":"wp","href":"https:\/\/api.w.org\/{rel}","templated":true}]}}