{"id":47558,"date":"2013-05-02T14:04:53","date_gmt":"2013-05-02T17:04:53","guid":{"rendered":"http:\/\/senoticias.com.br\/se\/?p=47558"},"modified":"2013-05-03T13:17:08","modified_gmt":"2013-05-03T16:17:08","slug":"pastora-que-pregava-cura-gay-revela-fiz-tudo-o-que-a-igreja-mandou-fazer-para-deixar-de-ser-lesbica-nao-deu-certo","status":"publish","type":"post","link":"https:\/\/senoticias.com.br\/se\/pastora-que-pregava-cura-gay-revela-fiz-tudo-o-que-a-igreja-mandou-fazer-para-deixar-de-ser-lesbica-nao-deu-certo\/","title":{"rendered":"Pastora que pregava cura gay revela: &#8220;Fiz tudo o que a igreja mandou fazer para deixar de ser l\u00e9sbica, n\u00e3o deu certo&#8221;"},"content":{"rendered":"<p>&nbsp;<\/p>\n<p style=\"text-align: justify;\">Ali no n\u00famero 1600 da avenida S\u00e3o Jo\u00e3o, no centro de S\u00e3o Paulo, existe uma igreja evang\u00e9lica em que as pessoas celebram a palavra de Deus, pagam d\u00edzimos, cantam em un\u00edssono m\u00fasicas animadas sobre o evangelho, e, em plena quarta-feira, lotam as cadeiras para acompanhar o culto.<\/p>\n<div id=\"attachment_47559\" style=\"width: 576px\" class=\"wp-caption aligncenter\"><a href=\"http:\/\/senoticias.com.br\/se\/wp-content\/uploads\/2013\/05\/Pastora.jpg\"><img loading=\"lazy\" decoding=\"async\" aria-describedby=\"caption-attachment-47559\" class=\"size-full wp-image-47559\" title=\"Pastora\" src=\"http:\/\/senoticias.com.br\/se\/wp-content\/uploads\/2013\/05\/Pastora.jpg\" alt=\"\" width=\"566\" height=\"377\" srcset=\"https:\/\/senoticias.com.br\/se\/wp-content\/uploads\/2013\/05\/Pastora.jpg 566w, https:\/\/senoticias.com.br\/se\/wp-content\/uploads\/2013\/05\/Pastora-300x199.jpg 300w, https:\/\/senoticias.com.br\/se\/wp-content\/uploads\/2013\/05\/Pastora-342x227.jpg 342w\" sizes=\"(max-width: 566px) 100vw, 566px\" \/><\/a><p id=\"caption-attachment-47559\" class=\"wp-caption-text\">Pastora que pregava cura gay revela: &quot;Fiz tudo o que a igreja mandou fazer para deixar de ser l\u00e9sbica, n\u00e3o deu certo&quot;. (Divulga\u00e7\u00e3o)<\/p><\/div>\n<p style=\"text-align: justify;\">Tudo isso seria exatamente igual a qualquer outra igreja, se n\u00e3o fosse o fato de que a Comunidade Cidade de Ref\u00fagio se tratasse de uma igreja inclusiva, que recebe de portas abertas gays e l\u00e9sbicas, sem julgamentos sobre suas orienta\u00e7\u00f5es sexuais.<\/p>\n<p style=\"text-align: justify;\"><em><strong><a href=\"http:\/\/virgula.uol.com.br\/ver\/noticia\/lifestyle\/2013\/04\/25\/324508-pastora-que-pregava-cura-gay-revela-fiz-tudo-o-que-a-igreja-mandou-fazer-para-deixar-de-ser-lesbica-nao-deu-certo#8\" target=\"_blank\">Tuka Pereira V\u00edrgula UOL<\/a><\/strong><\/em><\/p>\n","protected":false},"excerpt":{"rendered":"<p>&nbsp; Ali no n\u00famero 1600 da avenida S\u00e3o Jo\u00e3o, no centro de S\u00e3o Paulo, existe uma igreja evang\u00e9lica em que as pessoas celebram a palavra de Deus, pagam d\u00edzimos, cantam em un\u00edssono m\u00fasicas animadas sobre o evangelho, e, em plena quarta-feira, lotam as cadeiras para acompanhar o culto. Tudo isso seria exatamente igual a qualquer [&hellip;]<\/p>\n","protected":false},"author":1,"featured_media":47559,"comment_status":"closed","ping_status":"closed","sticky":false,"template":"","format":"standard","meta":{"footnotes":""},"categories":[310,46],"tags":[],"class_list":{"0":"post-47558","1":"post","2":"type-post","3":"status-publish","4":"format-standard","5":"has-post-thumbnail","7":"category-destaques-da-semana","8":"category-religiao"},"_links":{"self":[{"href":"https:\/\/senoticias.com.br\/se\/wp-json\/wp\/v2\/posts\/47558"}],"collection":[{"href":"https:\/\/senoticias.com.br\/se\/wp-json\/wp\/v2\/posts"}],"about":[{"href":"https:\/\/senoticias.com.br\/se\/wp-json\/wp\/v2\/types\/post"}],"author":[{"embeddable":true,"href":"https:\/\/senoticias.com.br\/se\/wp-json\/wp\/v2\/users\/1"}],"replies":[{"embeddable":true,"href":"https:\/\/senoticias.com.br\/se\/wp-json\/wp\/v2\/comments?post=47558"}],"version-history":[{"count":0,"href":"https:\/\/senoticias.com.br\/se\/wp-json\/wp\/v2\/posts\/47558\/revisions"}],"wp:featuredmedia":[{"embeddable":true,"href":"https:\/\/senoticias.com.br\/se\/wp-json\/wp\/v2\/media\/47559"}],"wp:attachment":[{"href":"https:\/\/senoticias.com.br\/se\/wp-json\/wp\/v2\/media?parent=47558"}],"wp:term":[{"taxonomy":"category","embeddable":true,"href":"https:\/\/senoticias.com.br\/se\/wp-json\/wp\/v2\/categories?post=47558"},{"taxonomy":"post_tag","embeddable":true,"href":"https:\/\/senoticias.com.br\/se\/wp-json\/wp\/v2\/tags?post=47558"}],"curies":[{"name":"wp","href":"https:\/\/api.w.org\/{rel}","templated":true}]}}