{"id":47556,"date":"2013-05-02T13:55:30","date_gmt":"2013-05-02T16:55:30","guid":{"rendered":"http:\/\/senoticias.com.br\/se\/?p=47556"},"modified":"2013-05-03T13:07:38","modified_gmt":"2013-05-03T16:07:38","slug":"apos-acao-do-mpfse-aldeia-xoco-tera-agua-potavel","status":"publish","type":"post","link":"https:\/\/senoticias.com.br\/se\/apos-acao-do-mpfse-aldeia-xoco-tera-agua-potavel\/","title":{"rendered":"Ap\u00f3s a\u00e7\u00e3o do MPF\/SE, aldeia Xoc\u00f3 ter\u00e1 \u00e1gua pot\u00e1vel"},"content":{"rendered":"<p>&nbsp;<\/p>\n<p style=\"text-align: justify;\"><strong>Decis\u00e3o liminar da Justi\u00e7a Federal determinou abastecimento imediato<\/strong><\/p>\n<div id=\"attachment_34334\" style=\"width: 310px\" class=\"wp-caption alignright\"><a href=\"http:\/\/senoticias.com.br\/se\/wp-content\/uploads\/2012\/06\/4447_Livia-Tinoco.jpg\"><img loading=\"lazy\" decoding=\"async\" aria-describedby=\"caption-attachment-34334\" class=\"size-medium wp-image-34334\" title=\"Livia Tinoco\" src=\"http:\/\/senoticias.com.br\/se\/wp-content\/uploads\/2012\/06\/4447_Livia-Tinoco-300x215.jpg\" alt=\"\" width=\"300\" height=\"215\" srcset=\"https:\/\/senoticias.com.br\/se\/wp-content\/uploads\/2012\/06\/4447_Livia-Tinoco-300x215.jpg 300w, https:\/\/senoticias.com.br\/se\/wp-content\/uploads\/2012\/06\/4447_Livia-Tinoco-342x245.jpg 342w, https:\/\/senoticias.com.br\/se\/wp-content\/uploads\/2012\/06\/4447_Livia-Tinoco-90x65.jpg 90w, https:\/\/senoticias.com.br\/se\/wp-content\/uploads\/2012\/06\/4447_Livia-Tinoco.jpg 448w\" sizes=\"(max-width: 300px) 100vw, 300px\" \/><\/a><p id=\"caption-attachment-34334\" class=\"wp-caption-text\">Procuradora L\u00edvia Nascimento. (Foto: Reprodu\u00e7\u00e3o)<\/p><\/div>\n<p style=\"text-align: justify;\">Atendendo a um pedido do Minist\u00e9rio P\u00fablico Federal (MPF), a Justi\u00e7a Federal determinou, liminarmente, o imediato abastecimento de \u00e1gua pot\u00e1vel para a comunidade ind\u00edgena Xoc\u00f3 da Ilha de S\u00e3o Pedro, localizada no munic\u00edpio sergipano de Porto da Folha. A a\u00e7\u00e3o foi movida em dezembro passado durante o Dia D da Sa\u00fade Ind\u00edgena, a mobiliza\u00e7\u00e3o nacional do MPF pela sa\u00fade dos povos ind\u00edgenas de todo o pa\u00eds.<\/p>\n<p style=\"text-align: justify;\">A liminar determina que a Uni\u00e3o forne\u00e7a imediatamente \u00e1gua pot\u00e1vel \u00e0 comunidade que n\u00e3o disp\u00f5e de sistema de abastecimento, nem de tratamento de \u00e1gua. A aldeia na Ilha de S\u00e3o Pedro \u00e9 abastecida com \u00e1gua do Rio S\u00e3o Francisco, que est\u00e1 contaminado por esgotos lan\u00e7ados pelos munic\u00edpios \u00e0 montante da comunidade.<\/p>\n<p style=\"text-align: justify;\">Desde 2010, o MPF vinha tentando resolver o problema administrativamente junto \u00e0 Funda\u00e7\u00e3o Nacional de Sa\u00fade (Funasa), ent\u00e3o respons\u00e1vel pela sa\u00fade ind\u00edgena. O \u00f3rg\u00e3o chegou a informar, em 2010, que iria construir uma unidade de tratamento de \u00e1gua para a aldeia, entretanto, em 2012 a obra sequer tinha sido iniciada.<\/p>\n<p style=\"text-align: justify;\">A Funasa n\u00e3o est\u00e1 sendo processada porque, no in\u00edcio de 2012, deixou de ser respons\u00e1vel pela sa\u00fade ind\u00edgena, passando a responsabilidade para a Secretaria Especial de Sa\u00fade Ind\u00edgena, \u00f3rg\u00e3o ligado ao Minist\u00e9rio da Sa\u00fade.<\/p>\n<p style=\"text-align: justify;\">No processo, a procuradora da Rep\u00fablica L\u00edvia Nascimento Tin\u00f4co lembra que o acesso \u00e0 \u00e1gua pot\u00e1vel est\u00e1 inexoravelmente ligado ao conceito de dignidade humana. \u201cA \u00e1gua e as instala\u00e7\u00f5es e servi\u00e7os de \u00e1gua devem estar ao alcance f\u00edsico de todos os indiv\u00edduos e devem ser prestados sem discrimina\u00e7\u00e3o, de forma digna, contemplando as necessidades b\u00e1sicas do ser humano\u201d, afirma. Ela destaca ainda que os impactos da falta de saneamento b\u00e1sico na sa\u00fade s\u00e3o imensos, principalmente, para as crian\u00e7as que ficam mais suscet\u00edveis a contrair doen\u00e7as como febre tifoide, diarreia, micoses de pele dentre outras.<\/p>\n<p style=\"text-align: justify;\">A a\u00e7\u00e3o tramita na Justi\u00e7a Federal com o n\u00famero 0006798-89.2012.4.05.8500.<\/p>\n","protected":false},"excerpt":{"rendered":"<p>&nbsp; Decis\u00e3o liminar da Justi\u00e7a Federal determinou abastecimento imediato Atendendo a um pedido do Minist\u00e9rio P\u00fablico Federal (MPF), a Justi\u00e7a Federal determinou, liminarmente, o imediato abastecimento de \u00e1gua pot\u00e1vel para a comunidade ind\u00edgena Xoc\u00f3 da Ilha de S\u00e3o Pedro, localizada no munic\u00edpio sergipano de Porto da Folha. A a\u00e7\u00e3o foi movida em dezembro passado durante [&hellip;]<\/p>\n","protected":false},"author":1,"featured_media":34334,"comment_status":"closed","ping_status":"closed","sticky":false,"template":"","format":"standard","meta":{"footnotes":""},"categories":[310,1],"tags":[],"class_list":{"0":"post-47556","1":"post","2":"type-post","3":"status-publish","4":"format-standard","5":"has-post-thumbnail","7":"category-destaques-da-semana","8":"category-sem-categoria"},"_links":{"self":[{"href":"https:\/\/senoticias.com.br\/se\/wp-json\/wp\/v2\/posts\/47556"}],"collection":[{"href":"https:\/\/senoticias.com.br\/se\/wp-json\/wp\/v2\/posts"}],"about":[{"href":"https:\/\/senoticias.com.br\/se\/wp-json\/wp\/v2\/types\/post"}],"author":[{"embeddable":true,"href":"https:\/\/senoticias.com.br\/se\/wp-json\/wp\/v2\/users\/1"}],"replies":[{"embeddable":true,"href":"https:\/\/senoticias.com.br\/se\/wp-json\/wp\/v2\/comments?post=47556"}],"version-history":[{"count":0,"href":"https:\/\/senoticias.com.br\/se\/wp-json\/wp\/v2\/posts\/47556\/revisions"}],"wp:featuredmedia":[{"embeddable":true,"href":"https:\/\/senoticias.com.br\/se\/wp-json\/wp\/v2\/media\/34334"}],"wp:attachment":[{"href":"https:\/\/senoticias.com.br\/se\/wp-json\/wp\/v2\/media?parent=47556"}],"wp:term":[{"taxonomy":"category","embeddable":true,"href":"https:\/\/senoticias.com.br\/se\/wp-json\/wp\/v2\/categories?post=47556"},{"taxonomy":"post_tag","embeddable":true,"href":"https:\/\/senoticias.com.br\/se\/wp-json\/wp\/v2\/tags?post=47556"}],"curies":[{"name":"wp","href":"https:\/\/api.w.org\/{rel}","templated":true}]}}